{"id":1055,"date":"2021-02-04T19:25:55","date_gmt":"2021-02-04T18:25:55","guid":{"rendered":"https:\/\/www.lorry-mardigny-patrimoine.fr\/histoire\/?p=1055"},"modified":"2021-02-04T19:28:46","modified_gmt":"2021-02-04T18:28:46","slug":"le-geral-entraide-et-solidarite","status":"publish","type":"post","link":"https:\/\/www.lorry-mardigny-patrimoine.fr\/histoire\/le-geral-entraide-et-solidarite\/","title":{"rendered":"Le GERAL : entraide et solidarit\u00e9"},"content":{"rendered":"<p>Qu&rsquo;ils aient \u00e9t\u00e9 expuls\u00e9s par les Allemands en 1940 ou \u00e9vacu\u00e9s par l&rsquo;arm\u00e9e fran\u00e7aise en septembre 1939, les Alsaciens Mosellans qui se trouvent dans les d\u00e9partements du Sud de la France pendant la Seconde Guerre mondiale sont tous des r\u00e9fugi\u00e9s. Loin de chez eux, au contact avec d&rsquo;autres Fran\u00e7ais dont ils ne connaissent pas les coutumes, \u00e9prouvant souvent des difficult\u00e9s pour trouver un logement d\u00e9cent ou un travail, ils se tournent vers le GERAL (Groupement d&rsquo;Entraide des R\u00e9fugi\u00e9s Alsaciens et Lorrains), une structure efficace \u00e0 laquelle ils adh\u00e8rent tr\u00e8s vite. Voici, dans un article de <em>L&rsquo;\u00c9cho des R\u00e9fugi\u00e9s<\/em>, journal du GERAL, un exemple des activit\u00e9s du GERAL dans le Gers, d\u00e9partement qui accueillit tous \u00ab\u00a0les Mardigny\u00a0\u00bb et un groupe important d&rsquo;habitants de Lorry.<\/p>\n<p><em>L&rsquo;\u00c9cho des R\u00e9fugi\u00e9s<\/em>, 10\/07\/1942, Lim\u00e9dia.fr<\/p>\n<p><a href=\"https:\/\/www.lorry-mardigny-patrimoine.fr\/histoire\/wp-content\/uploads\/LEcho_des_refugies_-1942-07-10_bilan-du-GERAL-du-Gers_p_423.jpeg\"><img loading=\"lazy\" decoding=\"async\" class=\"alignleft wp-image-1056 size-large\" src=\"https:\/\/www.lorry-mardigny-patrimoine.fr\/histoire\/wp-content\/uploads\/LEcho_des_refugies_-1942-07-10_bilan-du-GERAL-du-Gers_p_423-388x1024.jpeg\" alt=\"\" width=\"388\" height=\"1024\" srcset=\"https:\/\/www.lorry-mardigny-patrimoine.fr\/histoire\/wp-content\/uploads\/LEcho_des_refugies_-1942-07-10_bilan-du-GERAL-du-Gers_p_423-388x1024.jpeg 388w, https:\/\/www.lorry-mardigny-patrimoine.fr\/histoire\/wp-content\/uploads\/LEcho_des_refugies_-1942-07-10_bilan-du-GERAL-du-Gers_p_423-114x300.jpeg 114w, https:\/\/www.lorry-mardigny-patrimoine.fr\/histoire\/wp-content\/uploads\/LEcho_des_refugies_-1942-07-10_bilan-du-GERAL-du-Gers_p_423.jpeg 537w\" sizes=\"auto, (max-width: 388px) 100vw, 388px\" \/><\/a>Dans le Gers<\/p>\n<p>Le travail f\u00e9cond du G.E.R.A.L. du Gers<\/p>\n<p><span style=\"font-size: 10pt;\">AUCH &#8211; Le groupement d\u00e9partemental GERAL du Gers est l&rsquo;un des mieux organis\u00e9s de la ZNO (Zone Non Occup\u00e9e). Son comit\u00e9 que pr\u00e9side M. S. Bardou, de Metz, est des plus actifs. Presque tous les r\u00e9fugi\u00e9s du d\u00e9partement sont membres du groupement. Nous sommes heureux de pouvoir citer pour l&rsquo;\u00e9dification de tous nos compatriotes exil\u00e9s et surtout de ceux qui ne sont pas encore group\u00e9s ou dont leurs groupements sont plut\u00f4t en sommeil, un r\u00e9sum\u00e9 de l&rsquo;activit\u00e9 du GERAL du Gers au cours de l&rsquo;an dernier.<\/span><\/p>\n<p><span style=\"font-size: 10pt;\">Le Comit\u00e9 a obtenu et mis au point d&rsquo;accord avec le service des r\u00e9fugi\u00e9s, la distribution de deux contingents de pommes de terre aux r\u00e9fugi\u00e9s h\u00e9berg\u00e9s dans les communes rurales et dont les tickets d&rsquo;alimentation avaient \u00e9t\u00e9 supprim\u00e9s.<\/span><\/p>\n<p><span style=\"font-size: 10pt;\">Voici d&rsquo;autre part un aper\u00e7u des principaux r\u00e9sultats obtenus par suite des interventions et suggestions du GERAL du Gers, pr\u00e8s de son comit\u00e9 central de Clermont-Ferrand, ainsi que de ses nombreuses d\u00e9marches particuli\u00e8res : mise en vente plus rapide des chaussures nationales dans le d\u00e9partement du Gers ; r\u00e9tablissement de l&rsquo;indemnit\u00e9 de repliement aux fonctionnaires d&rsquo;Alsace et de Lorraine ; r\u00e9tablissement de l&rsquo;indemnit\u00e9 de s\u00e9paration aux m\u00eames fonctionnaires ; non d\u00e9duction du montant de l&rsquo;allocation, des pensions et retraites inf\u00e9rieures \u00e0 500 frs mensuellement ; nouvelle application d&rsquo;une allocation diff\u00e9rentielle aux r\u00e9fugi\u00e9s travailleurs ; cr\u00e9ation d&rsquo;une caisse d&rsquo;entr&rsquo;aide et d&rsquo;avances du GERAL du Gers ; distribution de pommes de terre aux r\u00e9fugi\u00e9s allocataires des communes rurales du d\u00e9partement du Gers ; nouveau r\u00e9gime pour la d\u00e9livrance des bons de v\u00eatements et articles textiles pour les r\u00e9fugi\u00e9s allocataires ; \u00e9change de l&rsquo;argent allemand ; restitution des titres se trouvant dans les banques repli\u00e9es d&rsquo;Alsace et de Lorraine ; facilit\u00e9s de fonctionnement des comptes de ch\u00e8ques postaux d&rsquo;Alsace et de Lorraine ; primes pour cr\u00e9ation de jardins ruraux ; obtention de bourses par le S.N. ; obtention de nombreux secours en esp\u00e8ces et en nature, par le S.N. ; etc., etc. car ce n&rsquo;est qu&rsquo;une partie de ce que cette section du GERAL du Gers a fait pour nos compatriotes.<\/span><\/p>\n<p><span style=\"font-size: 10pt;\">C&rsquo;est l\u00e0 un exemple tangible de ce qu&rsquo;un groupement peut faire, lorsqu&rsquo;il peut se r\u00e9f\u00e9rer, dans ses d\u00e9marches et interventions, de sa force de repr\u00e9sentation de la g\u00e9n\u00e9ralit\u00e9 des r\u00e9fugi\u00e9s dans sa circonscription.<\/span><\/p>\n<p><span style=\"font-size: 10pt;\">Aussi nous ne pouvons qu&rsquo;engager tous nos compatriotes, encore r\u00e9fractaires \u00e0 l&rsquo;id\u00e9e de groupement, qu&rsquo;une adh\u00e9sion de leur part est indispensable au bien g\u00e9n\u00e9ral, -alors qu&rsquo;une abstention ignorante ou voulue par petit esprit, ne peut que nuire \u00e0 tous.- Plus que jamais l&rsquo;union g\u00e9n\u00e9rale est indispensable -et la section du GERAL du Gers fait un pressant appel aux retardataires. Qu&rsquo;ils envoient leur bulletin d&rsquo;adh\u00e9sion et leur cotisation au tr\u00e9sorier de la section, ch\u00e8ques postaux Toulouse 624-25, Section GERAL Auch.<\/span><\/p>\n<p>&nbsp;<\/p>\n","protected":false},"excerpt":{"rendered":"<p>Qu&rsquo;ils aient \u00e9t\u00e9 expuls\u00e9s par les Allemands en 1940 ou \u00e9vacu\u00e9s par l&rsquo;arm\u00e9e fran\u00e7aise en septembre 1939, les Alsaciens Mosellans qui se trouvent dans les d\u00e9partements du Sud de la France pendant la Seconde Guerre mondiale sont tous des r\u00e9fugi\u00e9s. Loin de chez eux, au contact avec d&rsquo;autres Fran\u00e7ais dont ils ne connaissent pas les <a class=\"more-link\" href=\"https:\/\/www.lorry-mardigny-patrimoine.fr\/histoire\/le-geral-entraide-et-solidarite\/\">Lire plus &#8230;<\/a><\/p>\n","protected":false},"author":1,"featured_media":960,"comment_status":"closed","ping_status":"closed","sticky":false,"template":"","format":"standard","meta":{"footnotes":""},"categories":[131,128],"tags":[124],"class_list":["post-1055","post","type-post","status-publish","format-standard","has-post-thumbnail","hentry","category-1940-1945-deuxieme-guerre-mondiale","category-en-attendant-lexpo","tag-expulsions-de-1940"],"_links":{"self":[{"href":"https:\/\/www.lorry-mardigny-patrimoine.fr\/histoire\/wp-json\/wp\/v2\/posts\/1055","targetHints":{"allow":["GET"]}}],"collection":[{"href":"https:\/\/www.lorry-mardigny-patrimoine.fr\/histoire\/wp-json\/wp\/v2\/posts"}],"about":[{"href":"https:\/\/www.lorry-mardigny-patrimoine.fr\/histoire\/wp-json\/wp\/v2\/types\/post"}],"author":[{"embeddable":true,"href":"https:\/\/www.lorry-mardigny-patrimoine.fr\/histoire\/wp-json\/wp\/v2\/users\/1"}],"replies":[{"embeddable":true,"href":"https:\/\/www.lorry-mardigny-patrimoine.fr\/histoire\/wp-json\/wp\/v2\/comments?post=1055"}],"version-history":[{"count":0,"href":"https:\/\/www.lorry-mardigny-patrimoine.fr\/histoire\/wp-json\/wp\/v2\/posts\/1055\/revisions"}],"wp:featuredmedia":[{"embeddable":true,"href":"https:\/\/www.lorry-mardigny-patrimoine.fr\/histoire\/wp-json\/wp\/v2\/media\/960"}],"wp:attachment":[{"href":"https:\/\/www.lorry-mardigny-patrimoine.fr\/histoire\/wp-json\/wp\/v2\/media?parent=1055"}],"wp:term":[{"taxonomy":"category","embeddable":true,"href":"https:\/\/www.lorry-mardigny-patrimoine.fr\/histoire\/wp-json\/wp\/v2\/categories?post=1055"},{"taxonomy":"post_tag","embeddable":true,"href":"https:\/\/www.lorry-mardigny-patrimoine.fr\/histoire\/wp-json\/wp\/v2\/tags?post=1055"}],"curies":[{"name":"wp","href":"https:\/\/api.w.org\/{rel}","templated":true}]}}