{"id":1150,"date":"2021-10-09T13:30:38","date_gmt":"2021-10-09T11:30:38","guid":{"rendered":"https:\/\/www.lorry-mardigny-patrimoine.fr\/histoire\/?p=1150"},"modified":"2021-12-14T22:48:12","modified_gmt":"2021-12-14T21:48:12","slug":"de-gre-ou-de-force-lexpulsion-des-mosellans-1940-1945-exposition","status":"publish","type":"post","link":"https:\/\/www.lorry-mardigny-patrimoine.fr\/histoire\/de-gre-ou-de-force-lexpulsion-des-mosellans-1940-1945-exposition\/","title":{"rendered":"De gr\u00e9 ou de force. L&rsquo;expulsion des Mosellans 1940-1945 : exposition"},"content":{"rendered":"<p><span style=\"color: #ff0000;\"><strong><span style=\"font-size: 14pt;\">De gr\u00e9 ou de force. L&rsquo;expulsion des Mosellans 1940-1945<\/span><\/strong><\/span><\/p>\n<p><span style=\"font-size: 10pt;\">R\u00e9alisation\u00a0: Service D\u00e9partemental d&rsquo;Archives de la Moselle, en partenariat avec ASCOMEMO. 2010<\/span><\/p>\n<p><span style=\"font-size: 10pt;\">Auteurs\u00a0: Beno\u00eet Charenton, Jean-Eric Iung, Philippe Wilmouth<\/span><\/p>\n<p><span style=\"font-size: 10pt;\">Sc\u00e9nographie et montage de l&rsquo;exposition\u00a0: Atelier du Service D\u00e9partemental d&rsquo;Archives de la Moselle<\/span><\/p>\n<p><span style=\"font-size: 10pt;\">Rencontre entre la parole des t\u00e9moins et l\u2019\u00e9criture historique : photographies, documents d\u2019archives et t\u00e9moignages racontent ces d\u00e9parts forc\u00e9s vers les d\u00e9partements m\u00e9ridionaux de la France de Vichy. Leur retour ne se fera qu&rsquo;au printemps 1945.<\/span><\/p>\n<p><strong>Plan de l&rsquo;exposition :<\/strong><\/p>\n<p><span style=\"font-size: 10pt;\">1. La Moselle dans l&rsquo;Europe de l&rsquo;\u00e9t\u00e9 1940<\/span><\/p>\n<p><span style=\"font-size: 10pt;\">2. L&rsquo;annexion et la germanisation de la Moselle<\/span><\/p>\n<p><span style=\"font-size: 10pt;\">3. L&rsquo;expulsion\u00a0: d\u00e9cision et organisation<\/span><\/p>\n<p><span style=\"font-size: 10pt;\">4. L&rsquo;expulsion\u00a0: l&rsquo;ex\u00e9cution<\/span><\/p>\n<p><span style=\"font-size: 10pt;\">5. Lyon, premier refuge ou gare de triage\u00a0?<\/span><\/p>\n<p><span style=\"font-size: 10pt;\">6. La Moselle de l&rsquo;int\u00e9rieur<\/span><\/p>\n<p><span style=\"font-size: 10pt;\">7. La Moselle expuls\u00e9e<\/span><\/p>\n<p><span style=\"font-size: 10pt;\">8. Les expuls\u00e9s sont des r\u00e9fugi\u00e9s<\/span><\/p>\n<p><span style=\"font-size: 10pt;\">9. Travailler pour vivre<\/span><\/p>\n<p><span style=\"font-size: 10pt;\">10. Les Lorrains dans la France du Mar\u00e9chal<\/span><\/p>\n<p><span style=\"font-size: 10pt;\">11. L&rsquo;hirondelle revient toujours<\/span><\/p>\n<p><span style=\"font-size: 10pt;\">12. Le retour des bannis<\/span><\/p>\n<p style=\"text-align: center;\">* * *<\/p>\n<p><span style=\"font-size: medium;\">Cette exposition sera compl\u00e9t\u00e9e par\u00a0:<\/span><\/p>\n<p><span style=\"font-size: large; color: #ff0000;\"><b>L&rsquo;expulsion des habitants de Marieulles-Vezon<\/b><\/span><\/p>\n<p>&nbsp;<\/p>\n","protected":false},"excerpt":{"rendered":"<p>De gr\u00e9 ou de force. L&rsquo;expulsion des Mosellans 1940-1945 R\u00e9alisation\u00a0: Service D\u00e9partemental d&rsquo;Archives de la Moselle, en partenariat avec ASCOMEMO. 2010 Auteurs\u00a0: Beno\u00eet Charenton, Jean-Eric Iung, Philippe Wilmouth Sc\u00e9nographie et montage de l&rsquo;exposition\u00a0: Atelier du Service D\u00e9partemental d&rsquo;Archives de la Moselle Rencontre entre la parole des t\u00e9moins et l\u2019\u00e9criture historique : photographies, documents d\u2019archives et <a class=\"more-link\" href=\"https:\/\/www.lorry-mardigny-patrimoine.fr\/histoire\/de-gre-ou-de-force-lexpulsion-des-mosellans-1940-1945-exposition\/\">Lire plus &#8230;<\/a><\/p>\n","protected":false},"author":1,"featured_media":1177,"comment_status":"closed","ping_status":"closed","sticky":false,"template":"","format":"standard","meta":{"footnotes":""},"categories":[144,131],"tags":[124],"class_list":["post-1150","post","type-post","status-publish","format-standard","has-post-thumbnail","hentry","category-1940-la-fin-dune-epoque","category-1940-1945-deuxieme-guerre-mondiale","tag-expulsions-de-1940"],"_links":{"self":[{"href":"https:\/\/www.lorry-mardigny-patrimoine.fr\/histoire\/wp-json\/wp\/v2\/posts\/1150","targetHints":{"allow":["GET"]}}],"collection":[{"href":"https:\/\/www.lorry-mardigny-patrimoine.fr\/histoire\/wp-json\/wp\/v2\/posts"}],"about":[{"href":"https:\/\/www.lorry-mardigny-patrimoine.fr\/histoire\/wp-json\/wp\/v2\/types\/post"}],"author":[{"embeddable":true,"href":"https:\/\/www.lorry-mardigny-patrimoine.fr\/histoire\/wp-json\/wp\/v2\/users\/1"}],"replies":[{"embeddable":true,"href":"https:\/\/www.lorry-mardigny-patrimoine.fr\/histoire\/wp-json\/wp\/v2\/comments?post=1150"}],"version-history":[{"count":1,"href":"https:\/\/www.lorry-mardigny-patrimoine.fr\/histoire\/wp-json\/wp\/v2\/posts\/1150\/revisions"}],"predecessor-version":[{"id":1385,"href":"https:\/\/www.lorry-mardigny-patrimoine.fr\/histoire\/wp-json\/wp\/v2\/posts\/1150\/revisions\/1385"}],"wp:featuredmedia":[{"embeddable":true,"href":"https:\/\/www.lorry-mardigny-patrimoine.fr\/histoire\/wp-json\/wp\/v2\/media\/1177"}],"wp:attachment":[{"href":"https:\/\/www.lorry-mardigny-patrimoine.fr\/histoire\/wp-json\/wp\/v2\/media?parent=1150"}],"wp:term":[{"taxonomy":"category","embeddable":true,"href":"https:\/\/www.lorry-mardigny-patrimoine.fr\/histoire\/wp-json\/wp\/v2\/categories?post=1150"},{"taxonomy":"post_tag","embeddable":true,"href":"https:\/\/www.lorry-mardigny-patrimoine.fr\/histoire\/wp-json\/wp\/v2\/tags?post=1150"}],"curies":[{"name":"wp","href":"https:\/\/api.w.org\/{rel}","templated":true}]}}