{"id":149,"date":"2012-11-17T15:57:30","date_gmt":"2012-11-17T14:57:30","guid":{"rendered":"http:\/\/www.lorry-mardigny-patrimoine.fr\/ecoles\/?p=149"},"modified":"2019-03-10T10:27:41","modified_gmt":"2019-03-10T09:27:41","slug":"un-arbre-dans-la-cour","status":"publish","type":"post","link":"https:\/\/www.lorry-mardigny-patrimoine.fr\/histoire\/un-arbre-dans-la-cour\/","title":{"rendered":"Un arbre dans la cour"},"content":{"rendered":"<p style=\"text-align: justify;\">J\u2019\u00e9tais \u00e0 l\u2019\u00e9cole \u00e0 Mardigny au d\u00e9but des ann\u00e9es 60. C\u2019\u00e9tait une classe \u00e0 plusieurs niveaux. Dans la cour de r\u00e9cr\u00e9ation, il y avait encore un cognassier (qui a disparu depuis), sur lequel nous nous amusions \u00e0 grimper pendant la r\u00e9cr\u00e9. A la rentr\u00e9e, nous ramassions les coings pour la ma\u00eetresse.<br \/>\nJean-Luc, Mardigny, d\u00e9buts ann\u00e9es 1960<\/p>\n","protected":false},"excerpt":{"rendered":"<p>J\u2019\u00e9tais \u00e0 l\u2019\u00e9cole \u00e0 Mardigny au d\u00e9but des ann\u00e9es 60. C\u2019\u00e9tait une classe \u00e0 plusieurs niveaux. Dans la cour de r\u00e9cr\u00e9ation, il y avait encore un cognassier (qui a disparu depuis), sur lequel nous nous amusions \u00e0 grimper pendant la r\u00e9cr\u00e9. A la rentr\u00e9e, nous ramassions les coings pour la ma\u00eetresse. Jean-Luc, Mardigny, d\u00e9buts ann\u00e9es <a class=\"more-link\" href=\"https:\/\/www.lorry-mardigny-patrimoine.fr\/histoire\/un-arbre-dans-la-cour\/\">Lire plus &#8230;<\/a><\/p>\n","protected":false},"author":1,"featured_media":0,"comment_status":"closed","ping_status":"closed","sticky":false,"template":"","format":"standard","meta":{"footnotes":""},"categories":[9],"tags":[105],"class_list":["post-149","post","type-post","status-publish","format-standard","hentry","category-ecole-au-20e-siecle-temoignages","tag-ecole-1945-1969"],"_links":{"self":[{"href":"https:\/\/www.lorry-mardigny-patrimoine.fr\/histoire\/wp-json\/wp\/v2\/posts\/149","targetHints":{"allow":["GET"]}}],"collection":[{"href":"https:\/\/www.lorry-mardigny-patrimoine.fr\/histoire\/wp-json\/wp\/v2\/posts"}],"about":[{"href":"https:\/\/www.lorry-mardigny-patrimoine.fr\/histoire\/wp-json\/wp\/v2\/types\/post"}],"author":[{"embeddable":true,"href":"https:\/\/www.lorry-mardigny-patrimoine.fr\/histoire\/wp-json\/wp\/v2\/users\/1"}],"replies":[{"embeddable":true,"href":"https:\/\/www.lorry-mardigny-patrimoine.fr\/histoire\/wp-json\/wp\/v2\/comments?post=149"}],"version-history":[{"count":2,"href":"https:\/\/www.lorry-mardigny-patrimoine.fr\/histoire\/wp-json\/wp\/v2\/posts\/149\/revisions"}],"predecessor-version":[{"id":882,"href":"https:\/\/www.lorry-mardigny-patrimoine.fr\/histoire\/wp-json\/wp\/v2\/posts\/149\/revisions\/882"}],"wp:attachment":[{"href":"https:\/\/www.lorry-mardigny-patrimoine.fr\/histoire\/wp-json\/wp\/v2\/media?parent=149"}],"wp:term":[{"taxonomy":"category","embeddable":true,"href":"https:\/\/www.lorry-mardigny-patrimoine.fr\/histoire\/wp-json\/wp\/v2\/categories?post=149"},{"taxonomy":"post_tag","embeddable":true,"href":"https:\/\/www.lorry-mardigny-patrimoine.fr\/histoire\/wp-json\/wp\/v2\/tags?post=149"}],"curies":[{"name":"wp","href":"https:\/\/api.w.org\/{rel}","templated":true}]}}