{"id":1583,"date":"2019-03-01T18:17:40","date_gmt":"2019-03-01T17:17:40","guid":{"rendered":"https:\/\/www.lorry-mardigny-patrimoine.fr\/histoire\/?p=1583"},"modified":"2023-10-18T20:17:57","modified_gmt":"2023-10-18T18:17:57","slug":"lorry-mardigny-et-la-reforme-protestante-16e-18e-siecle","status":"publish","type":"post","link":"https:\/\/www.lorry-mardigny-patrimoine.fr\/histoire\/lorry-mardigny-et-la-reforme-protestante-16e-18e-siecle\/","title":{"rendered":"Lorry-Mardigny et la R\u00e9forme protestante, 16e-18e si\u00e8cle"},"content":{"rendered":"\r\n\r\n\r\n\r\n\r\n<h2 style=\"text-align: center;\"><span style=\"color: #339966;\"><strong>23-24 f\u00e9vrier 2019<\/strong><\/span><\/h2>\r\n<p class=\"has-text-color has-medium-font-size\" style=\"text-align: center;\"><span style=\"color: #339966; font-size: 14pt;\"><strong>Une page m\u00e9connue de l\u2019histoire de Lorry-Mardigny, village du Pays messin : <\/strong><\/span><\/p>\r\n<p class=\"has-text-color has-medium-font-size\" style=\"text-align: center;\"><span style=\"color: #339966; font-size: 14pt;\"><strong>la R\u00e9forme protestante du 16e au 18e si\u00e8cle<\/strong><\/span><\/p>\r\n<p class=\"has-text-color has-medium-font-size\" style=\"text-align: center;\"><span style=\"color: #339966;\"><strong> (conf\u00e9rences, exposition)<\/strong><\/span><\/p>\r\n\r\n\r\n\r\n<p>La Commission Patrimoine de Familles Rurales a propos\u00e9 deux journ\u00e9es consacr\u00e9es \u00e0 une page d&rsquo;histoire de la commune, avec quatre conf\u00e9rences et une exposition. Le public de ces deux journ\u00e9es \u00e9tait compos\u00e9 d&rsquo;habitants de Lorry-Mardigny curieux de l&rsquo;histoire de leur commune, de passionn\u00e9s d&rsquo;histoire des communes proches et de g\u00e9n\u00e9alogistes. Malgr\u00e9 une m\u00e9t\u00e9o digne du printemps, un certain nombre de personnes ont pass\u00e9 leurs deux apr\u00e8s-midi en notre compagnie dans la salle des f\u00eates.<\/p>\r\n\r\n\r\n\r\n<ol class=\"wp-block-list\">\r\n<li>Programme des 23\/24 f\u00e9vrier<\/li>\r\n<li>Galeries photo de la manifestation<\/li>\r\n<li>Les intervenants<\/li>\r\n<li>Liens<\/li>\r\n<li>L&rsquo;expo<\/li>\r\n<li>T\u00e9l\u00e9charger le tract en pdf ou jpg<\/li>\r\n<\/ol>\r\n\r\n\r\n\r\n<p class=\"has-text-color has-medium-font-size\"><span style=\"color: #339966;\"><strong>Programme<\/strong><\/span><\/p>\r\n<p><span style=\"color: #339966;\">\r\n\r\n<\/span><\/p>\r\n<p class=\"has-text-color has-medium-font-size\"><span style=\"color: #339966;\"><strong>Samedi 23 f\u00e9vrier <\/strong><\/span><\/p>\r\n\r\n\r\n\r\n<ul class=\"wp-block-list\">\r\n<li>11h : inauguration de la manifestation par le Maire de Lorry-Mardigny ; visite comment\u00e9e de l&rsquo;exposition<\/li>\r\n<\/ul>\r\n\r\n\r\n\r\n<ul class=\"wp-block-list\">\r\n<li>14h30 : <em>Une histoire des r\u00e9form\u00e9s de Lorry-devant-le-Pont, dans le Pays messin des 16e-18e si\u00e8cles,<\/em> par Anne-Marie Dufour<\/li>\r\n<\/ul>\r\n\r\n\r\n\r\n<ul class=\"wp-block-list\">\r\n<li>16h : <em>Les calvinistes de Lorry : le point de vue du g\u00e9n\u00e9alogiste,<\/em> par Jacques Carbonnet et pr\u00e9sentation de la nouvelle \u00e9dition du <em>Livre des familles de Lorry-Mardigny,<\/em> publi\u00e9 par le Cercle G\u00e9n\u00e9alogique du Pays messin, en pr\u00e9sence du Pr\u00e9sident du Cercle.<\/li>\r\n<\/ul>\r\n\r\n\r\n\r\n<p class=\"has-text-color has-medium-font-size\"><span style=\"color: #339966;\"><strong>Dimanche 24 f\u00e9vrier<\/strong><\/span><\/p>\r\n\r\n\r\n\r\n<ul class=\"wp-block-list\">\r\n<li>10h-12h : visite comment\u00e9e de l&rsquo;exposition<\/li>\r\n<\/ul>\r\n\r\n\r\n\r\n<ul class=\"wp-block-list\">\r\n<li>14h : <em>L\u2019installation des huguenots messins \u00e0 l\u2019\u00e9tranger ; le cas des huguenots de Lorry-devant-le-Pont<\/em>, par Jean-Louis Calbat, g\u00e9n\u00e9alogiste des calvinistes du Pays messin<\/li>\r\n<li>16h : <em>La famille Schuy\/Shuey de Pennsylvanie (Etats-Unis) et la recherche de ses origines huguenotes<\/em>, par Ralph Shuey<\/li>\r\n<\/ul>\r\n\r\n\r\n<hr class=\"wp-block-separator\" \/>\r\n\r\n\r\n<p style=\"text-align: center;\"><span style=\"color: #339966; font-size: 14pt;\"><strong>Conf\u00e9rences dans la salle des f\u00eates ; Exposition dans le hall d&rsquo;accueil de la mairie<\/strong><\/span><\/p>\r\n\r\n\r\n\r\n<p class=\"has-text-color has-medium-font-size\" style=\"text-align: center;\"><span style=\"color: #339966; font-size: 14pt;\"><strong>Galeries photo<\/strong><\/span><\/p>\r\n<p style=\"text-align: center;\"><span style=\"color: #339966;\">\r\n\r\n<\/span><\/p>\r\n<p class=\"has-text-color\" style=\"text-align: center;\"><span style=\"color: #339966; font-size: 14pt;\"><strong>Samedi 23, 11h : inauguration<\/strong><\/span><\/p>\r\n\r\n\r\n<!-- wp:gallery size=\"thumbnail\" {\"ids\":[\"1430\",\"1398\",\"1382\",\"1383\",\"1393\",\"1394\",\"1399\",\"1391\",\"1403\",\"1402\",\"1392\",\"1384\",\"1387\",\"1404\",\"1385\",\"1395\",\"1401\",\"1396\"],\"linkTo\":\"media\"} -->\r\n<figure>\r\n\n\t\t<style type=\"text\/css\">\n\t\t\t#gallery-1 {\n\t\t\t\tmargin: auto;\n\t\t\t}\n\t\t\t#gallery-1 .gallery-item {\n\t\t\t\tfloat: left;\n\t\t\t\tmargin-top: 10px;\n\t\t\t\ttext-align: center;\n\t\t\t\twidth: 33%;\n\t\t\t}\n\t\t\t#gallery-1 img {\n\t\t\t\tborder: 2px solid #cfcfcf;\n\t\t\t}\n\t\t\t#gallery-1 .gallery-caption {\n\t\t\t\tmargin-left: 0;\n\t\t\t}\n\t\t\t\/* see gallery_shortcode() in wp-includes\/media.php *\/\n\t\t<\/style>\n\t\t<div id='gallery-1' class='gallery galleryid-1583 gallery-columns-3 gallery-size-thumbnail'><dl class='gallery-item'>\n\t\t\t<dt class='gallery-icon landscape'>\n\t\t\t\t<a href='https:\/\/www.lorry-mardigny-patrimoine.fr\/histoire\/wp-content\/uploads\/lorry-Mardigny_2019-02-23_inaug_DSC07069.jpg'><img loading=\"lazy\" decoding=\"async\" width=\"150\" height=\"150\" src=\"https:\/\/www.lorry-mardigny-patrimoine.fr\/histoire\/wp-content\/uploads\/lorry-Mardigny_2019-02-23_inaug_DSC07069-150x150.jpg\" class=\"attachment-thumbnail size-thumbnail\" alt=\"23\/02\/2019 inauguration\" aria-describedby=\"gallery-1-1602\" \/><\/a>\n\t\t\t<\/dt>\n\t\t\t\t<dd class='wp-caption-text gallery-caption' id='gallery-1-1602'>\n\t\t\t\t23\/02\/2019 inauguration\n\t\t\t\t<\/dd><\/dl><dl class='gallery-item'>\n\t\t\t<dt class='gallery-icon landscape'>\n\t\t\t\t<a href='https:\/\/www.lorry-mardigny-patrimoine.fr\/histoire\/wp-content\/uploads\/lorry-Mardigny_2019-02-23_inaug_DSC07071.jpg'><img loading=\"lazy\" decoding=\"async\" width=\"150\" height=\"150\" src=\"https:\/\/www.lorry-mardigny-patrimoine.fr\/histoire\/wp-content\/uploads\/lorry-Mardigny_2019-02-23_inaug_DSC07071-150x150.jpg\" class=\"attachment-thumbnail size-thumbnail\" alt=\"23\/02\/2019 inauguration\" aria-describedby=\"gallery-1-1603\" \/><\/a>\n\t\t\t<\/dt>\n\t\t\t\t<dd class='wp-caption-text gallery-caption' id='gallery-1-1603'>\n\t\t\t\t23\/02\/2019 inauguration\n\t\t\t\t<\/dd><\/dl><dl class='gallery-item'>\n\t\t\t<dt class='gallery-icon landscape'>\n\t\t\t\t<a href='https:\/\/www.lorry-mardigny-patrimoine.fr\/histoire\/wp-content\/uploads\/Lorry-Mardigny_2019-02-23_inaug_DSC07064.jpg'><img loading=\"lazy\" decoding=\"async\" width=\"150\" height=\"150\" src=\"https:\/\/www.lorry-mardigny-patrimoine.fr\/histoire\/wp-content\/uploads\/Lorry-Mardigny_2019-02-23_inaug_DSC07064-150x150.jpg\" class=\"attachment-thumbnail size-thumbnail\" alt=\"23\/02\/2019 inauguration\" aria-describedby=\"gallery-1-1599\" \/><\/a>\n\t\t\t<\/dt>\n\t\t\t\t<dd class='wp-caption-text gallery-caption' id='gallery-1-1599'>\n\t\t\t\t23\/02\/2019 inauguration\n\t\t\t\t<\/dd><\/dl><br style=\"clear: both\" \/><dl class='gallery-item'>\n\t\t\t<dt class='gallery-icon portrait'>\n\t\t\t\t<a href='https:\/\/www.lorry-mardigny-patrimoine.fr\/histoire\/wp-content\/uploads\/lorry-Mardigny_2019-02-23_inaug_Ph_Hardy_maire_DSC07072.jpg'><img loading=\"lazy\" decoding=\"async\" width=\"150\" height=\"150\" src=\"https:\/\/www.lorry-mardigny-patrimoine.fr\/histoire\/wp-content\/uploads\/lorry-Mardigny_2019-02-23_inaug_Ph_Hardy_maire_DSC07072-150x150.jpg\" class=\"attachment-thumbnail size-thumbnail\" alt=\"23\/02\/2019 inauguration\" aria-describedby=\"gallery-1-1613\" \/><\/a>\n\t\t\t<\/dt>\n\t\t\t\t<dd class='wp-caption-text gallery-caption' id='gallery-1-1613'>\n\t\t\t\t23\/02\/2019 inauguration\n\t\t\t\t<\/dd><\/dl><dl class='gallery-item'>\n\t\t\t<dt class='gallery-icon landscape'>\n\t\t\t\t<a href='https:\/\/www.lorry-mardigny-patrimoine.fr\/histoire\/wp-content\/uploads\/lorry-Mardigny_2019-02-23_inauguration_J_Francois_CD_DSC07075.jpg'><img loading=\"lazy\" decoding=\"async\" width=\"150\" height=\"150\" src=\"https:\/\/www.lorry-mardigny-patrimoine.fr\/histoire\/wp-content\/uploads\/lorry-Mardigny_2019-02-23_inauguration_J_Francois_CD_DSC07075-150x150.jpg\" class=\"attachment-thumbnail size-thumbnail\" alt=\"23\/02\/2019 inauguration\" aria-describedby=\"gallery-1-1618\" \/><\/a>\n\t\t\t<\/dt>\n\t\t\t\t<dd class='wp-caption-text gallery-caption' id='gallery-1-1618'>\n\t\t\t\t23\/02\/2019 inauguration\n\t\t\t\t<\/dd><\/dl><dl class='gallery-item'>\n\t\t\t<dt class='gallery-icon portrait'>\n\t\t\t\t<a href='https:\/\/www.lorry-mardigny-patrimoine.fr\/histoire\/wp-content\/uploads\/Lorry-Mardigny_2019-02-23_inaug_Cercle_genealog_DSC07089.jpg'><img loading=\"lazy\" decoding=\"async\" width=\"150\" height=\"150\" src=\"https:\/\/www.lorry-mardigny-patrimoine.fr\/histoire\/wp-content\/uploads\/Lorry-Mardigny_2019-02-23_inaug_Cercle_genealog_DSC07089-150x150.jpg\" class=\"attachment-thumbnail size-thumbnail\" alt=\"23\/02\/2019 inauguration\" aria-describedby=\"gallery-1-1598\" \/><\/a>\n\t\t\t<\/dt>\n\t\t\t\t<dd class='wp-caption-text gallery-caption' id='gallery-1-1598'>\n\t\t\t\t23\/02\/2019 inauguration\n\t\t\t\t<\/dd><\/dl><br style=\"clear: both\" \/><dl class='gallery-item'>\n\t\t\t<dt class='gallery-icon landscape'>\n\t\t\t\t<a href='https:\/\/www.lorry-mardigny-patrimoine.fr\/histoire\/wp-content\/uploads\/Lorry-Mardigny_2019-02-23_inaug_Cercle_genealog_DSC07088-1.jpg'><img loading=\"lazy\" decoding=\"async\" width=\"150\" height=\"150\" src=\"https:\/\/www.lorry-mardigny-patrimoine.fr\/histoire\/wp-content\/uploads\/Lorry-Mardigny_2019-02-23_inaug_Cercle_genealog_DSC07088-1-150x150.jpg\" class=\"attachment-thumbnail size-thumbnail\" alt=\"23\/02\/2019 inauguration\" aria-describedby=\"gallery-1-1597\" \/><\/a>\n\t\t\t<\/dt>\n\t\t\t\t<dd class='wp-caption-text gallery-caption' id='gallery-1-1597'>\n\t\t\t\t23\/02\/2019 inauguration\n\t\t\t\t<\/dd><\/dl><dl class='gallery-item'>\n\t\t\t<dt class='gallery-icon portrait'>\n\t\t\t\t<a href='https:\/\/www.lorry-mardigny-patrimoine.fr\/histoire\/wp-content\/uploads\/lorry-Mardigny_2019-02-23_inaug_DSC07090.jpg'><img loading=\"lazy\" decoding=\"async\" width=\"150\" height=\"150\" src=\"https:\/\/www.lorry-mardigny-patrimoine.fr\/histoire\/wp-content\/uploads\/lorry-Mardigny_2019-02-23_inaug_DSC07090-150x150.jpg\" class=\"attachment-thumbnail size-thumbnail\" alt=\"23\/02\/2019 inauguration\" aria-describedby=\"gallery-1-1608\" \/><\/a>\n\t\t\t<\/dt>\n\t\t\t\t<dd class='wp-caption-text gallery-caption' id='gallery-1-1608'>\n\t\t\t\t23\/02\/2019 inauguration\n\t\t\t\t<\/dd><\/dl><dl class='gallery-item'>\n\t\t\t<dt class='gallery-icon landscape'>\n\t\t\t\t<a href='https:\/\/www.lorry-mardigny-patrimoine.fr\/histoire\/wp-content\/uploads\/lorry-Mardigny_2019-02-23_inaug_remise_livre_familles_DSC07092-1.jpg'><img loading=\"lazy\" decoding=\"async\" width=\"150\" height=\"150\" src=\"https:\/\/www.lorry-mardigny-patrimoine.fr\/histoire\/wp-content\/uploads\/lorry-Mardigny_2019-02-23_inaug_remise_livre_familles_DSC07092-1-150x150.jpg\" class=\"attachment-thumbnail size-thumbnail\" alt=\"23\/02\/2019 inauguration\" aria-describedby=\"gallery-1-1614\" \/><\/a>\n\t\t\t<\/dt>\n\t\t\t\t<dd class='wp-caption-text gallery-caption' id='gallery-1-1614'>\n\t\t\t\t23\/02\/2019 inauguration\n\t\t\t\t<\/dd><\/dl><br style=\"clear: both\" \/><dl class='gallery-item'>\n\t\t\t<dt class='gallery-icon landscape'>\n\t\t\t\t<a href='https:\/\/www.lorry-mardigny-patrimoine.fr\/histoire\/wp-content\/uploads\/Lorry-Mardigny_2019-02-23_inaug_DSC07093.jpg'><img loading=\"lazy\" decoding=\"async\" width=\"150\" height=\"150\" src=\"https:\/\/www.lorry-mardigny-patrimoine.fr\/histoire\/wp-content\/uploads\/Lorry-Mardigny_2019-02-23_inaug_DSC07093-150x150.jpg\" class=\"attachment-thumbnail size-thumbnail\" alt=\"23\/02\/2019 inauguration\" aria-describedby=\"gallery-1-1609\" \/><\/a>\n\t\t\t<\/dt>\n\t\t\t\t<dd class='wp-caption-text gallery-caption' id='gallery-1-1609'>\n\t\t\t\t23\/02\/2019 inauguration\n\t\t\t\t<\/dd><\/dl><dl class='gallery-item'>\n\t\t\t<dt class='gallery-icon landscape'>\n\t\t\t\t<a href='https:\/\/www.lorry-mardigny-patrimoine.fr\/histoire\/wp-content\/uploads\/Lorry-Mardigny_2019-02-23_inaug_DSC07068.jpg'><img loading=\"lazy\" decoding=\"async\" width=\"150\" height=\"150\" src=\"https:\/\/www.lorry-mardigny-patrimoine.fr\/histoire\/wp-content\/uploads\/Lorry-Mardigny_2019-02-23_inaug_DSC07068-150x150.jpg\" class=\"attachment-thumbnail size-thumbnail\" alt=\"23\/02\/2019 inauguration\" aria-describedby=\"gallery-1-1601\" \/><\/a>\n\t\t\t<\/dt>\n\t\t\t\t<dd class='wp-caption-text gallery-caption' id='gallery-1-1601'>\n\t\t\t\t23\/02\/2019 inauguration\n\t\t\t\t<\/dd><\/dl><dl class='gallery-item'>\n\t\t\t<dt class='gallery-icon landscape'>\n\t\t\t\t<a href='https:\/\/www.lorry-mardigny-patrimoine.fr\/histoire\/wp-content\/uploads\/Lorry-Mardigny_2019-02-23_inaug_DSC07081.jpg'><img loading=\"lazy\" decoding=\"async\" width=\"150\" height=\"150\" src=\"https:\/\/www.lorry-mardigny-patrimoine.fr\/histoire\/wp-content\/uploads\/Lorry-Mardigny_2019-02-23_inaug_DSC07081-150x150.jpg\" class=\"attachment-thumbnail size-thumbnail\" alt=\"23\/02\/2019 inauguration\" aria-describedby=\"gallery-1-1606\" \/><\/a>\n\t\t\t<\/dt>\n\t\t\t\t<dd class='wp-caption-text gallery-caption' id='gallery-1-1606'>\n\t\t\t\t23\/02\/2019 inauguration\n\t\t\t\t<\/dd><\/dl><br style=\"clear: both\" \/><dl class='gallery-item'>\n\t\t\t<dt class='gallery-icon landscape'>\n\t\t\t\t<a href='https:\/\/www.lorry-mardigny-patrimoine.fr\/histoire\/wp-content\/uploads\/Lorry-Mardigny_2019-02-23_inaug_DSC07082.jpg'><img loading=\"lazy\" decoding=\"async\" width=\"150\" height=\"150\" src=\"https:\/\/www.lorry-mardigny-patrimoine.fr\/histoire\/wp-content\/uploads\/Lorry-Mardigny_2019-02-23_inaug_DSC07082-150x150.jpg\" class=\"attachment-thumbnail size-thumbnail\" alt=\"23\/02\/2019 inauguration\" aria-describedby=\"gallery-1-1607\" \/><\/a>\n\t\t\t<\/dt>\n\t\t\t\t<dd class='wp-caption-text gallery-caption' id='gallery-1-1607'>\n\t\t\t\t23\/02\/2019 inauguration\n\t\t\t\t<\/dd><\/dl><dl class='gallery-item'>\n\t\t\t<dt class='gallery-icon landscape'>\n\t\t\t\t<a href='https:\/\/www.lorry-mardigny-patrimoine.fr\/histoire\/wp-content\/uploads\/Lorry-Mardigny_2019-02-23_inaug_DSC07094.jpg'><img loading=\"lazy\" decoding=\"async\" width=\"150\" height=\"150\" src=\"https:\/\/www.lorry-mardigny-patrimoine.fr\/histoire\/wp-content\/uploads\/Lorry-Mardigny_2019-02-23_inaug_DSC07094-150x150.jpg\" class=\"attachment-thumbnail size-thumbnail\" alt=\"23\/02\/2019 inauguration\" aria-describedby=\"gallery-1-1610\" \/><\/a>\n\t\t\t<\/dt>\n\t\t\t\t<dd class='wp-caption-text gallery-caption' id='gallery-1-1610'>\n\t\t\t\t23\/02\/2019 inauguration\n\t\t\t\t<\/dd><\/dl><dl class='gallery-item'>\n\t\t\t<dt class='gallery-icon landscape'>\n\t\t\t\t<a href='https:\/\/www.lorry-mardigny-patrimoine.fr\/histoire\/wp-content\/uploads\/lorry-Mardigny_2019-02-23_inaugDSC07083.jpg'><img loading=\"lazy\" decoding=\"async\" width=\"150\" height=\"150\" src=\"https:\/\/www.lorry-mardigny-patrimoine.fr\/histoire\/wp-content\/uploads\/lorry-Mardigny_2019-02-23_inaugDSC07083-150x150.jpg\" class=\"attachment-thumbnail size-thumbnail\" alt=\"23\/02\/2019 inauguration\" aria-describedby=\"gallery-1-1615\" \/><\/a>\n\t\t\t<\/dt>\n\t\t\t\t<dd class='wp-caption-text gallery-caption' id='gallery-1-1615'>\n\t\t\t\t23\/02\/2019 inauguration\n\t\t\t\t<\/dd><\/dl><br style=\"clear: both\" \/><dl class='gallery-item'>\n\t\t\t<dt class='gallery-icon landscape'>\n\t\t\t\t<a href='https:\/\/www.lorry-mardigny-patrimoine.fr\/histoire\/wp-content\/uploads\/lorry-Mardigny_2019-02-23_inauguration_DSC07078.jpg'><img loading=\"lazy\" decoding=\"async\" width=\"150\" height=\"150\" src=\"https:\/\/www.lorry-mardigny-patrimoine.fr\/histoire\/wp-content\/uploads\/lorry-Mardigny_2019-02-23_inauguration_DSC07078-150x150.jpg\" class=\"attachment-thumbnail size-thumbnail\" alt=\"23\/02\/2019 inauguration\" aria-describedby=\"gallery-1-1616\" \/><\/a>\n\t\t\t<\/dt>\n\t\t\t\t<dd class='wp-caption-text gallery-caption' id='gallery-1-1616'>\n\t\t\t\t23\/02\/2019 inauguration\n\t\t\t\t<\/dd><\/dl><dl class='gallery-item'>\n\t\t\t<dt class='gallery-icon landscape'>\n\t\t\t\t<a href='https:\/\/www.lorry-mardigny-patrimoine.fr\/histoire\/wp-content\/uploads\/lorry-Mardigny_2019-02-23_inauguration_Shuey_DSC07068.jpg'><img loading=\"lazy\" decoding=\"async\" width=\"150\" height=\"150\" src=\"https:\/\/www.lorry-mardigny-patrimoine.fr\/histoire\/wp-content\/uploads\/lorry-Mardigny_2019-02-23_inauguration_Shuey_DSC07068-150x150.jpg\" class=\"attachment-thumbnail size-thumbnail\" alt=\"23\/02\/2019 inauguration\" aria-describedby=\"gallery-1-1619\" \/><\/a>\n\t\t\t<\/dt>\n\t\t\t\t<dd class='wp-caption-text gallery-caption' id='gallery-1-1619'>\n\t\t\t\t23\/02\/2019 inauguration\n\t\t\t\t<\/dd><\/dl><dl class='gallery-item'>\n\t\t\t<dt class='gallery-icon landscape'>\n\t\t\t\t<a href='https:\/\/www.lorry-mardigny-patrimoine.fr\/histoire\/wp-content\/uploads\/Lorry-Mardigny_2019-02-23_inauguration_elus_CCMM_DSC07086.jpg'><img loading=\"lazy\" decoding=\"async\" width=\"150\" height=\"150\" src=\"https:\/\/www.lorry-mardigny-patrimoine.fr\/histoire\/wp-content\/uploads\/Lorry-Mardigny_2019-02-23_inauguration_elus_CCMM_DSC07086-150x150.jpg\" class=\"attachment-thumbnail size-thumbnail\" alt=\"23\/02\/2019 inauguration\" aria-describedby=\"gallery-1-1617\" \/><\/a>\n\t\t\t<\/dt>\n\t\t\t\t<dd class='wp-caption-text gallery-caption' id='gallery-1-1617'>\n\t\t\t\t23\/02\/2019 inauguration\n\t\t\t\t<\/dd><\/dl><br style=\"clear: both\" \/><dl class='gallery-item'>\n\t\t\t<dt class='gallery-icon landscape'>\n\t\t\t\t<a href='https:\/\/www.lorry-mardigny-patrimoine.fr\/histoire\/wp-content\/uploads\/Lorry-Mardigny_2019-02-23_inaug_DSC07095.jpg'><img loading=\"lazy\" decoding=\"async\" width=\"150\" height=\"150\" src=\"https:\/\/www.lorry-mardigny-patrimoine.fr\/histoire\/wp-content\/uploads\/Lorry-Mardigny_2019-02-23_inaug_DSC07095-150x150.jpg\" class=\"attachment-thumbnail size-thumbnail\" alt=\"23\/02\/2019 inauguration\" aria-describedby=\"gallery-1-1611\" \/><\/a>\n\t\t\t<\/dt>\n\t\t\t\t<dd class='wp-caption-text gallery-caption' id='gallery-1-1611'>\n\t\t\t\t23\/02\/2019 inauguration\n\t\t\t\t<\/dd><\/dl><dl class='gallery-item'>\n\t\t\t<dt class='gallery-icon landscape'>\n\t\t\t\t<a href='https:\/\/www.lorry-mardigny-patrimoine.fr\/histoire\/wp-content\/uploads\/Lorry-Mardigny_2019-02-23_inaug_DSC07097.jpg'><img loading=\"lazy\" decoding=\"async\" width=\"150\" height=\"150\" src=\"https:\/\/www.lorry-mardigny-patrimoine.fr\/histoire\/wp-content\/uploads\/Lorry-Mardigny_2019-02-23_inaug_DSC07097-150x150.jpg\" class=\"attachment-thumbnail size-thumbnail\" alt=\"23\/02\/2019 inauguration\" aria-describedby=\"gallery-1-1612\" \/><\/a>\n\t\t\t<\/dt>\n\t\t\t\t<dd class='wp-caption-text gallery-caption' id='gallery-1-1612'>\n\t\t\t\t23\/02\/2019 inauguration\n\t\t\t\t<\/dd><\/dl>\n\t\t\t<br style='clear: both' \/>\n\t\t<\/div>\n\r\n<\/figure>\r\n<!-- \/wp:gallery -->\r\n\r\n<!-- wp:paragraph {\"align\":\"center\",\"customTextColor\":\"#9e0457\"} -->\r\n<p class=\"has-text-color\" style=\"text-align: center;\"><span style=\"color: #339966; font-size: 14pt;\"><strong>Samedi 23, 14h30 : Une histoire de la R\u00e9forme \u00e0 Lorry-devant-le-Pont, par Anne-Marie Dufour<\/strong><\/span><\/p>\r\n<!-- \/wp:paragraph -->\r\n\r\n<!-- wp:gallery size=\"thumbnail\" {\"ids\":[1405,1406,1436,1407,1435],\"linkTo\":\"media\"} -->\r\n<figure>\r\n\n\t\t<style type=\"text\/css\">\n\t\t\t#gallery-2 {\n\t\t\t\tmargin: auto;\n\t\t\t}\n\t\t\t#gallery-2 .gallery-item {\n\t\t\t\tfloat: left;\n\t\t\t\tmargin-top: 10px;\n\t\t\t\ttext-align: center;\n\t\t\t\twidth: 33%;\n\t\t\t}\n\t\t\t#gallery-2 img {\n\t\t\t\tborder: 2px solid #cfcfcf;\n\t\t\t}\n\t\t\t#gallery-2 .gallery-caption {\n\t\t\t\tmargin-left: 0;\n\t\t\t}\n\t\t\t\/* see gallery_shortcode() in wp-includes\/media.php *\/\n\t\t<\/style>\n\t\t<div id='gallery-2' class='gallery galleryid-1583 gallery-columns-3 gallery-size-thumbnail'><dl class='gallery-item'>\n\t\t\t<dt class='gallery-icon landscape'>\n\t\t\t\t<a href='https:\/\/www.lorry-mardigny-patrimoine.fr\/histoire\/wp-content\/uploads\/Lorry-Mardigny_2019-02-23_AM_Dufour_001.png'><img loading=\"lazy\" decoding=\"async\" width=\"150\" height=\"150\" src=\"https:\/\/www.lorry-mardigny-patrimoine.fr\/histoire\/wp-content\/uploads\/Lorry-Mardigny_2019-02-23_AM_Dufour_001-150x150.png\" class=\"attachment-thumbnail size-thumbnail\" alt=\"23\/02\/2019 Anne-Marie Dufour\" aria-describedby=\"gallery-2-1625\" \/><\/a>\n\t\t\t<\/dt>\n\t\t\t\t<dd class='wp-caption-text gallery-caption' id='gallery-2-1625'>\n\t\t\t\t23\/02\/2019 Anne-Marie Dufour\n\t\t\t\t<\/dd><\/dl><dl class='gallery-item'>\n\t\t\t<dt class='gallery-icon landscape'>\n\t\t\t\t<a href='https:\/\/www.lorry-mardigny-patrimoine.fr\/histoire\/wp-content\/uploads\/Lorry-Mardigny_2019-02-23_AMD_public_DSC07105.jpg'><img loading=\"lazy\" decoding=\"async\" width=\"150\" height=\"150\" src=\"https:\/\/www.lorry-mardigny-patrimoine.fr\/histoire\/wp-content\/uploads\/Lorry-Mardigny_2019-02-23_AMD_public_DSC07105-150x150.jpg\" class=\"attachment-thumbnail size-thumbnail\" alt=\"23\/02\/2019 14h30\" aria-describedby=\"gallery-2-1621\" \/><\/a>\n\t\t\t<\/dt>\n\t\t\t\t<dd class='wp-caption-text gallery-caption' id='gallery-2-1621'>\n\t\t\t\t23\/02\/2019 14h30\n\t\t\t\t<\/dd><\/dl><dl class='gallery-item'>\n\t\t\t<dt class='gallery-icon landscape'>\n\t\t\t\t<a href='https:\/\/www.lorry-mardigny-patrimoine.fr\/histoire\/wp-content\/uploads\/Lorry-Mardigny_2019-02-23_AMD_public_DSC07106.jpg'><img loading=\"lazy\" decoding=\"async\" width=\"150\" height=\"150\" src=\"https:\/\/www.lorry-mardigny-patrimoine.fr\/histoire\/wp-content\/uploads\/Lorry-Mardigny_2019-02-23_AMD_public_DSC07106-150x150.jpg\" class=\"attachment-thumbnail size-thumbnail\" alt=\"23\/02\/2019 14h30\" aria-describedby=\"gallery-2-1622\" \/><\/a>\n\t\t\t<\/dt>\n\t\t\t\t<dd class='wp-caption-text gallery-caption' id='gallery-2-1622'>\n\t\t\t\t23\/02\/2019 14h30\n\t\t\t\t<\/dd><\/dl><br style=\"clear: both\" \/><dl class='gallery-item'>\n\t\t\t<dt class='gallery-icon landscape'>\n\t\t\t\t<a href='https:\/\/www.lorry-mardigny-patrimoine.fr\/histoire\/wp-content\/uploads\/Lorry-Mardigny_2019-02-23_AM_Dufour__002-1.png'><img loading=\"lazy\" decoding=\"async\" width=\"150\" height=\"150\" src=\"https:\/\/www.lorry-mardigny-patrimoine.fr\/histoire\/wp-content\/uploads\/Lorry-Mardigny_2019-02-23_AM_Dufour__002-1-150x150.png\" class=\"attachment-thumbnail size-thumbnail\" alt=\"23\/02\/2019 14h30\" aria-describedby=\"gallery-2-1624\" \/><\/a>\n\t\t\t<\/dt>\n\t\t\t\t<dd class='wp-caption-text gallery-caption' id='gallery-2-1624'>\n\t\t\t\t23\/02\/2019 14h30\n\t\t\t\t<\/dd><\/dl><dl class='gallery-item'>\n\t\t\t<dt class='gallery-icon landscape'>\n\t\t\t\t<a href='https:\/\/www.lorry-mardigny-patrimoine.fr\/histoire\/wp-content\/uploads\/Lorry-Mardigny_2019-02-23_AMD_public_DSC07107.jpg'><img loading=\"lazy\" decoding=\"async\" width=\"150\" height=\"150\" src=\"https:\/\/www.lorry-mardigny-patrimoine.fr\/histoire\/wp-content\/uploads\/Lorry-Mardigny_2019-02-23_AMD_public_DSC07107-150x150.jpg\" class=\"attachment-thumbnail size-thumbnail\" alt=\"23\/02\/2019 14h30\" aria-describedby=\"gallery-2-1623\" \/><\/a>\n\t\t\t<\/dt>\n\t\t\t\t<dd class='wp-caption-text gallery-caption' id='gallery-2-1623'>\n\t\t\t\t23\/02\/2019 14h30\n\t\t\t\t<\/dd><\/dl>\n\t\t\t<br style='clear: both' \/>\n\t\t<\/div>\n\r\n<\/figure>\r\n<!-- \/wp:gallery -->\r\n\r\n<!-- wp:paragraph {\"align\":\"center\",\"customTextColor\":\"#9e0457\"} -->\r\n<p class=\"has-text-color\" style=\"text-align: center;\"><span style=\"color: #339966; font-size: 14pt;\"><strong>Samedi 23, 16h00 : Les calvinistes de Lorry : le point de vue du g\u00e9n\u00e9alogiste, par Jacques Carbonnet<\/strong><\/span><\/p>\r\n<!-- \/wp:paragraph -->\r\n\r\n<!-- wp:gallery size=\"thumbnail\" {\"ids\":[1412,1408,1410,1413,1414],\"linkTo\":\"media\"} -->\r\n<figure>\r\n\n\t\t<style type=\"text\/css\">\n\t\t\t#gallery-3 {\n\t\t\t\tmargin: auto;\n\t\t\t}\n\t\t\t#gallery-3 .gallery-item {\n\t\t\t\tfloat: left;\n\t\t\t\tmargin-top: 10px;\n\t\t\t\ttext-align: center;\n\t\t\t\twidth: 33%;\n\t\t\t}\n\t\t\t#gallery-3 img {\n\t\t\t\tborder: 2px solid #cfcfcf;\n\t\t\t}\n\t\t\t#gallery-3 .gallery-caption {\n\t\t\t\tmargin-left: 0;\n\t\t\t}\n\t\t\t\/* see gallery_shortcode() in wp-includes\/media.php *\/\n\t\t<\/style>\n\t\t<div id='gallery-3' class='gallery galleryid-1583 gallery-columns-3 gallery-size-thumbnail'><dl class='gallery-item'>\n\t\t\t<dt class='gallery-icon landscape'>\n\t\t\t\t<a href='https:\/\/www.lorry-mardigny-patrimoine.fr\/histoire\/wp-content\/uploads\/Lorry-Mardigny_2019-02-23_J_Carbonnet_DSC07119.jpg'><img loading=\"lazy\" decoding=\"async\" width=\"150\" height=\"150\" src=\"https:\/\/www.lorry-mardigny-patrimoine.fr\/histoire\/wp-content\/uploads\/Lorry-Mardigny_2019-02-23_J_Carbonnet_DSC07119-150x150.jpg\" class=\"attachment-thumbnail size-thumbnail\" alt=\"23\/02\/2019 Jacques Carbonnet\" aria-describedby=\"gallery-3-1631\" \/><\/a>\n\t\t\t<\/dt>\n\t\t\t\t<dd class='wp-caption-text gallery-caption' id='gallery-3-1631'>\n\t\t\t\t23\/02\/2019 Jacques Carbonnet\n\t\t\t\t<\/dd><\/dl><dl class='gallery-item'>\n\t\t\t<dt class='gallery-icon landscape'>\n\t\t\t\t<a href='https:\/\/www.lorry-mardigny-patrimoine.fr\/histoire\/wp-content\/uploads\/lorry-Mardigny_2019-02-23_Carbonnet_public_DSC07113.jpg'><img loading=\"lazy\" decoding=\"async\" width=\"150\" height=\"150\" src=\"https:\/\/www.lorry-mardigny-patrimoine.fr\/histoire\/wp-content\/uploads\/lorry-Mardigny_2019-02-23_Carbonnet_public_DSC07113-150x150.jpg\" class=\"attachment-thumbnail size-thumbnail\" alt=\"23\/02\/2019 16h\" aria-describedby=\"gallery-3-1626\" \/><\/a>\n\t\t\t<\/dt>\n\t\t\t\t<dd class='wp-caption-text gallery-caption' id='gallery-3-1626'>\n\t\t\t\t23\/02\/2019 16h\n\t\t\t\t<\/dd><\/dl><dl class='gallery-item'>\n\t\t\t<dt class='gallery-icon landscape'>\n\t\t\t\t<a href='https:\/\/www.lorry-mardigny-patrimoine.fr\/histoire\/wp-content\/uploads\/Lorry-Mardigny_2019-02-23_J_Carbonnet_DSC07108.jpg'><img loading=\"lazy\" decoding=\"async\" width=\"150\" height=\"150\" src=\"https:\/\/www.lorry-mardigny-patrimoine.fr\/histoire\/wp-content\/uploads\/Lorry-Mardigny_2019-02-23_J_Carbonnet_DSC07108-150x150.jpg\" class=\"attachment-thumbnail size-thumbnail\" alt=\"23\/02\/2019 16h\" aria-describedby=\"gallery-3-1627\" \/><\/a>\n\t\t\t<\/dt>\n\t\t\t\t<dd class='wp-caption-text gallery-caption' id='gallery-3-1627'>\n\t\t\t\t23\/02\/2019 16h\n\t\t\t\t<\/dd><\/dl><br style=\"clear: both\" \/><dl class='gallery-item'>\n\t\t\t<dt class='gallery-icon landscape'>\n\t\t\t\t<a href='https:\/\/www.lorry-mardigny-patrimoine.fr\/histoire\/wp-content\/uploads\/lorry-Mardigny_2019-02-23_J_Carbonnet_DSC07110.jpg'><img loading=\"lazy\" decoding=\"async\" width=\"150\" height=\"150\" src=\"https:\/\/www.lorry-mardigny-patrimoine.fr\/histoire\/wp-content\/uploads\/lorry-Mardigny_2019-02-23_J_Carbonnet_DSC07110-150x150.jpg\" class=\"attachment-thumbnail size-thumbnail\" alt=\"23\/02\/2019 Jacques Carbonnet\" aria-describedby=\"gallery-3-1628\" \/><\/a>\n\t\t\t<\/dt>\n\t\t\t\t<dd class='wp-caption-text gallery-caption' id='gallery-3-1628'>\n\t\t\t\t23\/02\/2019 Jacques Carbonnet\n\t\t\t\t<\/dd><\/dl><dl class='gallery-item'>\n\t\t\t<dt class='gallery-icon landscape'>\n\t\t\t\t<a href='https:\/\/www.lorry-mardigny-patrimoine.fr\/histoire\/wp-content\/uploads\/Lorry-Mardigny_2019-02-23_J_Carbonnet_DSC07112-1.jpg'><img loading=\"lazy\" decoding=\"async\" width=\"150\" height=\"150\" src=\"https:\/\/www.lorry-mardigny-patrimoine.fr\/histoire\/wp-content\/uploads\/Lorry-Mardigny_2019-02-23_J_Carbonnet_DSC07112-1-150x150.jpg\" class=\"attachment-thumbnail size-thumbnail\" alt=\"23\/02\/2019 16h\" aria-describedby=\"gallery-3-1629\" \/><\/a>\n\t\t\t<\/dt>\n\t\t\t\t<dd class='wp-caption-text gallery-caption' id='gallery-3-1629'>\n\t\t\t\t23\/02\/2019 16h\n\t\t\t\t<\/dd><\/dl><dl class='gallery-item'>\n\t\t\t<dt class='gallery-icon landscape'>\n\t\t\t\t<a href='https:\/\/www.lorry-mardigny-patrimoine.fr\/histoire\/wp-content\/uploads\/Lorry-Mardigny_2019-02-23_J_Carbonnet_DSC07117-1.jpg'><img loading=\"lazy\" decoding=\"async\" width=\"150\" height=\"150\" src=\"https:\/\/www.lorry-mardigny-patrimoine.fr\/histoire\/wp-content\/uploads\/Lorry-Mardigny_2019-02-23_J_Carbonnet_DSC07117-1-150x150.jpg\" class=\"attachment-thumbnail size-thumbnail\" alt=\"23\/02\/2019 16h\" aria-describedby=\"gallery-3-1630\" \/><\/a>\n\t\t\t<\/dt>\n\t\t\t\t<dd class='wp-caption-text gallery-caption' id='gallery-3-1630'>\n\t\t\t\t23\/02\/2019 16h\n\t\t\t\t<\/dd><\/dl><br style=\"clear: both\" \/><dl class='gallery-item'>\n\t\t\t<dt class='gallery-icon landscape'>\n\t\t\t\t<a href='https:\/\/www.lorry-mardigny-patrimoine.fr\/histoire\/wp-content\/uploads\/Lorry-Mardigny_2019-02-23_J_Carbonnet_IMGP9611-1.jpg'><img loading=\"lazy\" decoding=\"async\" width=\"150\" height=\"150\" src=\"https:\/\/www.lorry-mardigny-patrimoine.fr\/histoire\/wp-content\/uploads\/Lorry-Mardigny_2019-02-23_J_Carbonnet_IMGP9611-1-150x150.jpg\" class=\"attachment-thumbnail size-thumbnail\" alt=\"23\/02\/2019 16h\" aria-describedby=\"gallery-3-1632\" \/><\/a>\n\t\t\t<\/dt>\n\t\t\t\t<dd class='wp-caption-text gallery-caption' id='gallery-3-1632'>\n\t\t\t\t23\/02\/2019 16h\n\t\t\t\t<\/dd><\/dl>\n\t\t\t<br style='clear: both' \/>\n\t\t<\/div>\n\r\n<\/figure>\r\n<!-- \/wp:gallery -->\r\n\r\n<!-- wp:paragraph {\"align\":\"center\",\"customTextColor\":\"#9e0457\"} -->\r\n<p>&nbsp;<\/p>\r\n<p class=\"has-text-color\" style=\"text-align: center;\"><span style=\"color: #339966; font-size: 14pt;\"><strong>Dimanche 24, 14h00 : L&rsquo;installation des huguenots \u00e0 l&rsquo;\u00e9tranger, par Jean-Louis Calbat<\/strong><\/span><\/p>\r\n\n\t\t<style type=\"text\/css\">\n\t\t\t#gallery-4 {\n\t\t\t\tmargin: auto;\n\t\t\t}\n\t\t\t#gallery-4 .gallery-item {\n\t\t\t\tfloat: left;\n\t\t\t\tmargin-top: 10px;\n\t\t\t\ttext-align: center;\n\t\t\t\twidth: 33%;\n\t\t\t}\n\t\t\t#gallery-4 img {\n\t\t\t\tborder: 2px solid #cfcfcf;\n\t\t\t}\n\t\t\t#gallery-4 .gallery-caption {\n\t\t\t\tmargin-left: 0;\n\t\t\t}\n\t\t\t\/* see gallery_shortcode() in wp-includes\/media.php *\/\n\t\t<\/style>\n\t\t<div id='gallery-4' class='gallery galleryid-1583 gallery-columns-3 gallery-size-thumbnail'><dl class='gallery-item'>\n\t\t\t<dt class='gallery-icon portrait'>\n\t\t\t\t<a href='https:\/\/www.lorry-mardigny-patrimoine.fr\/histoire\/wp-content\/uploads\/lorry-Mardigny_2019-02-24_intro_S_Samson_DSC07128.jpg'><img loading=\"lazy\" decoding=\"async\" width=\"150\" height=\"150\" src=\"https:\/\/www.lorry-mardigny-patrimoine.fr\/histoire\/wp-content\/uploads\/lorry-Mardigny_2019-02-24_intro_S_Samson_DSC07128-150x150.jpg\" class=\"attachment-thumbnail size-thumbnail\" alt=\"24\/02\/2019 14h pr\u00e9sentation par St\u00e9phanie Samson\" aria-describedby=\"gallery-4-1633\" \/><\/a>\n\t\t\t<\/dt>\n\t\t\t\t<dd class='wp-caption-text gallery-caption' id='gallery-4-1633'>\n\t\t\t\t24\/02\/2019 14h pr\u00e9sentation par St\u00e9phanie Samson\n\t\t\t\t<\/dd><\/dl><dl class='gallery-item'>\n\t\t\t<dt class='gallery-icon landscape'>\n\t\t\t\t<a href='https:\/\/www.lorry-mardigny-patrimoine.fr\/histoire\/wp-content\/uploads\/lorry-Mardigny_2019-02-24_JL_Calbat_DSC07136.jpg'><img loading=\"lazy\" decoding=\"async\" width=\"150\" height=\"150\" src=\"https:\/\/www.lorry-mardigny-patrimoine.fr\/histoire\/wp-content\/uploads\/lorry-Mardigny_2019-02-24_JL_Calbat_DSC07136-150x150.jpg\" class=\"attachment-thumbnail size-thumbnail\" alt=\"24\/02\/2019 14h Jean-Louis Calbat\" aria-describedby=\"gallery-4-1635\" \/><\/a>\n\t\t\t<\/dt>\n\t\t\t\t<dd class='wp-caption-text gallery-caption' id='gallery-4-1635'>\n\t\t\t\t24\/02\/2019 14h Jean-Louis Calbat\n\t\t\t\t<\/dd><\/dl><dl class='gallery-item'>\n\t\t\t<dt class='gallery-icon landscape'>\n\t\t\t\t<a href='https:\/\/www.lorry-mardigny-patrimoine.fr\/histoire\/wp-content\/uploads\/Lorry-Mardigny_2019-02-24_JL_Calbat_DSC07165.jpg'><img loading=\"lazy\" decoding=\"async\" width=\"150\" height=\"150\" src=\"https:\/\/www.lorry-mardigny-patrimoine.fr\/histoire\/wp-content\/uploads\/Lorry-Mardigny_2019-02-24_JL_Calbat_DSC07165-150x150.jpg\" class=\"attachment-thumbnail size-thumbnail\" alt=\"24\/02\/2019 14h\" aria-describedby=\"gallery-4-1637\" \/><\/a>\n\t\t\t<\/dt>\n\t\t\t\t<dd class='wp-caption-text gallery-caption' id='gallery-4-1637'>\n\t\t\t\t24\/02\/2019 14h \n\t\t\t\t<\/dd><\/dl><br style=\"clear: both\" \/><dl class='gallery-item'>\n\t\t\t<dt class='gallery-icon landscape'>\n\t\t\t\t<a href='https:\/\/www.lorry-mardigny-patrimoine.fr\/histoire\/wp-content\/uploads\/Lorry-Mardigny_2019-02-24_JL_Calbat_DSC07139.jpg'><img loading=\"lazy\" decoding=\"async\" width=\"150\" height=\"150\" src=\"https:\/\/www.lorry-mardigny-patrimoine.fr\/histoire\/wp-content\/uploads\/Lorry-Mardigny_2019-02-24_JL_Calbat_DSC07139-150x150.jpg\" class=\"attachment-thumbnail size-thumbnail\" alt=\"24\/02\/2019 14h Jean-Louis Calbat\" aria-describedby=\"gallery-4-1636\" \/><\/a>\n\t\t\t<\/dt>\n\t\t\t\t<dd class='wp-caption-text gallery-caption' id='gallery-4-1636'>\n\t\t\t\t24\/02\/2019 14h Jean-Louis Calbat\n\t\t\t\t<\/dd><\/dl>\n\t\t\t<br style='clear: both' \/>\n\t\t<\/div>\n\r\n<!-- \/wp:paragraph -->\r\n\r\n<!-- wp:gallery size=\"thumbnail\" {\"ids\":[1415,1417,1418,1416,1419],\"linkTo\":\"media\"} -->\r\n<figure><\/figure>\r\n<!-- \/wp:gallery -->\r\n\r\n<!-- wp:paragraph {\"align\":\"center\",\"customTextColor\":\"#9e0457\"} -->\r\n<p class=\"has-text-color\" style=\"text-align: center;\"><span style=\"color: #339966; font-size: 14pt;\"><strong>Dimanche 24, 16h00 : La famille Shuey de Pennsylvanie et ses origines huguenotes, par Ralph Shuey<\/strong><\/span><\/p>\r\n<!-- \/wp:paragraph -->\r\n\r\n<!-- wp:gallery size=\"thumbnail\" {\"ids\":[1423,1422,1424,1426,1425,1427],\"linkTo\":\"media\"} -->\r\n<figure>\r\n<figcaption>\r\n\n\t\t<style type=\"text\/css\">\n\t\t\t#gallery-5 {\n\t\t\t\tmargin: auto;\n\t\t\t}\n\t\t\t#gallery-5 .gallery-item {\n\t\t\t\tfloat: left;\n\t\t\t\tmargin-top: 10px;\n\t\t\t\ttext-align: center;\n\t\t\t\twidth: 33%;\n\t\t\t}\n\t\t\t#gallery-5 img {\n\t\t\t\tborder: 2px solid #cfcfcf;\n\t\t\t}\n\t\t\t#gallery-5 .gallery-caption {\n\t\t\t\tmargin-left: 0;\n\t\t\t}\n\t\t\t\/* see gallery_shortcode() in wp-includes\/media.php *\/\n\t\t<\/style>\n\t\t<div id='gallery-5' class='gallery galleryid-1583 gallery-columns-3 gallery-size-thumbnail'><dl class='gallery-item'>\n\t\t\t<dt class='gallery-icon landscape'>\n\t\t\t\t<a href='https:\/\/www.lorry-mardigny-patrimoine.fr\/histoire\/wp-content\/uploads\/lorry-Mardigny_2019-02-24_R_Shuey_DSC07194.jpg'><img loading=\"lazy\" decoding=\"async\" width=\"150\" height=\"150\" src=\"https:\/\/www.lorry-mardigny-patrimoine.fr\/histoire\/wp-content\/uploads\/lorry-Mardigny_2019-02-24_R_Shuey_DSC07194-150x150.jpg\" class=\"attachment-thumbnail size-thumbnail\" alt=\"24\/02\/2019 16h Ralph Shuey\" aria-describedby=\"gallery-5-1639\" \/><\/a>\n\t\t\t<\/dt>\n\t\t\t\t<dd class='wp-caption-text gallery-caption' id='gallery-5-1639'>\n\t\t\t\t24\/02\/2019 16h Ralph Shuey\n\t\t\t\t<\/dd><\/dl><dl class='gallery-item'>\n\t\t\t<dt class='gallery-icon landscape'>\n\t\t\t\t<a href='https:\/\/www.lorry-mardigny-patrimoine.fr\/histoire\/wp-content\/uploads\/Lorry-Mardigny_2019-02-24_R_Shuey_DSC07192.jpg'><img loading=\"lazy\" decoding=\"async\" width=\"150\" height=\"150\" src=\"https:\/\/www.lorry-mardigny-patrimoine.fr\/histoire\/wp-content\/uploads\/Lorry-Mardigny_2019-02-24_R_Shuey_DSC07192-150x150.jpg\" class=\"attachment-thumbnail size-thumbnail\" alt=\"\" \/><\/a>\n\t\t\t<\/dt><\/dl><dl class='gallery-item'>\n\t\t\t<dt class='gallery-icon landscape'>\n\t\t\t\t<a href='https:\/\/www.lorry-mardigny-patrimoine.fr\/histoire\/wp-content\/uploads\/lorry-Mardigny_2019-02-24_R_Shuey_DSC07202.jpg'><img loading=\"lazy\" decoding=\"async\" width=\"150\" height=\"150\" src=\"https:\/\/www.lorry-mardigny-patrimoine.fr\/histoire\/wp-content\/uploads\/lorry-Mardigny_2019-02-24_R_Shuey_DSC07202-150x150.jpg\" class=\"attachment-thumbnail size-thumbnail\" alt=\"24\/02\/2019 16h Ralph Shuey\" aria-describedby=\"gallery-5-1640\" \/><\/a>\n\t\t\t<\/dt>\n\t\t\t\t<dd class='wp-caption-text gallery-caption' id='gallery-5-1640'>\n\t\t\t\t24\/02\/2019 16h Ralph Shuey\n\t\t\t\t<\/dd><\/dl><br style=\"clear: both\" \/><dl class='gallery-item'>\n\t\t\t<dt class='gallery-icon landscape'>\n\t\t\t\t<a href='https:\/\/www.lorry-mardigny-patrimoine.fr\/histoire\/wp-content\/uploads\/Lorry-Mardigny_2019-02-24_R_Shuey_DSC07207.jpg'><img loading=\"lazy\" decoding=\"async\" width=\"150\" height=\"150\" src=\"https:\/\/www.lorry-mardigny-patrimoine.fr\/histoire\/wp-content\/uploads\/Lorry-Mardigny_2019-02-24_R_Shuey_DSC07207-150x150.jpg\" class=\"attachment-thumbnail size-thumbnail\" alt=\"24\/02\/2019 16h Ralph Shuey\" aria-describedby=\"gallery-5-1641\" \/><\/a>\n\t\t\t<\/dt>\n\t\t\t\t<dd class='wp-caption-text gallery-caption' id='gallery-5-1641'>\n\t\t\t\t24\/02\/2019 16h Ralph Shuey\n\t\t\t\t<\/dd><\/dl><dl class='gallery-item'>\n\t\t\t<dt class='gallery-icon landscape'>\n\t\t\t\t<a href='https:\/\/www.lorry-mardigny-patrimoine.fr\/histoire\/wp-content\/uploads\/Lorry-Mardigny_2019-02-24_R_Shuey_DSC07208.jpg'><img loading=\"lazy\" decoding=\"async\" width=\"150\" height=\"150\" src=\"https:\/\/www.lorry-mardigny-patrimoine.fr\/histoire\/wp-content\/uploads\/Lorry-Mardigny_2019-02-24_R_Shuey_DSC07208-150x150.jpg\" class=\"attachment-thumbnail size-thumbnail\" alt=\"24\/02\/2019 16h\" aria-describedby=\"gallery-5-1642\" \/><\/a>\n\t\t\t<\/dt>\n\t\t\t\t<dd class='wp-caption-text gallery-caption' id='gallery-5-1642'>\n\t\t\t\t24\/02\/2019 16h \n\t\t\t\t<\/dd><\/dl><dl class='gallery-item'>\n\t\t\t<dt class='gallery-icon landscape'>\n\t\t\t\t<a href='https:\/\/www.lorry-mardigny-patrimoine.fr\/histoire\/wp-content\/uploads\/Lorry-Mardigny_2019-02-24_R_Shuey_DSC07209.jpg'><img loading=\"lazy\" decoding=\"async\" width=\"150\" height=\"150\" src=\"https:\/\/www.lorry-mardigny-patrimoine.fr\/histoire\/wp-content\/uploads\/Lorry-Mardigny_2019-02-24_R_Shuey_DSC07209-150x150.jpg\" class=\"attachment-thumbnail size-thumbnail\" alt=\"24\/02\/2019 16h\" aria-describedby=\"gallery-5-1643\" \/><\/a>\n\t\t\t<\/dt>\n\t\t\t\t<dd class='wp-caption-text gallery-caption' id='gallery-5-1643'>\n\t\t\t\t24\/02\/2019 16h \n\t\t\t\t<\/dd><\/dl><br style=\"clear: both\" \/>\n\t\t<\/div>\n\r\n<\/figcaption>\r\n<\/figure>\r\n<!-- \/wp:gallery -->\r\n\r\n<!-- wp:paragraph {\"align\":\"center\",\"customTextColor\":\"#9e0457\",\"fontSize\":\"medium\"} -->\r\n<p class=\"has-text-color has-medium-font-size\"><span style=\"color: #339966;\"><strong>Les intervenants :<\/strong><\/span><\/p>\r\n<!-- \/wp:paragraph -->\r\n\r\n<!-- wp:paragraph -->\r\n<p><span style=\"color: #339966;\"><strong>Jacques Carbonnet<\/strong><\/span> : originaire de Lorry, il est tr\u00e8s attach\u00e9 \u00e0 la terre de ses anc\u00eatres. Il a entrepris de reconstituer les familles de Lorry-Mardigny \u00e0 partir des registres paroissiaux et d&rsquo;\u00e9tat civil, avec ce suppl\u00e9ment d&rsquo;\u00e2me que lui apporte la connaissance de ces anciennes familles de la commune, c\u00f4toy\u00e9es durant ses vacances d&rsquo;\u00e9colier et de lyc\u00e9en.<\/p>\r\n<!-- \/wp:paragraph -->\r\n\r\n<!-- wp:paragraph -->\r\n<p><span style=\"color: #339966;\"><strong>Jean-Louis Calbat<\/strong><\/span> : il est membre fondateur du Cercle G\u00e9n\u00e9alogique de la Moselle en 1982 et s&rsquo;est sp\u00e9cialis\u00e9 entre autres dans la g\u00e9n\u00e9alogie des familles r\u00e9form\u00e9es. Il porte un int\u00e9r\u00eat particulier au Refuge huguenot et en a parcouru une grande partie des routes europ\u00e9ennes. Il a \u00e9t\u00e9 l&rsquo;un des acteurs de l&rsquo;exposition <strong>\u00ab\u00a0Huguenots, de la Moselle \u00e0 Berlin, les chemins de l&rsquo;exil\u00a0\u00bb<\/strong> au Temple Neuf \u00e0 Metz en 2006\/2007.<\/p>\r\n<!-- \/wp:paragraph -->\r\n\r\n<!-- wp:paragraph -->\r\n<p><span style=\"color: #339966;\"><strong>Ralph Shuey<\/strong><\/span> : Ralph Shuey est venu sp\u00e9cialement de Pennsylvanie (Etats-Unis) pour nous raconter ses recherches sur les origines de sa famille. Au d\u00e9but du XXe si\u00e8cle, son a\u00efeul avait retrouv\u00e9 le parcours de la famille Schuy\/Shuey depuis le Palatinat jusqu&rsquo;en Pennsylvanie. Ralph Shuey a retrouv\u00e9 le berceau messin de la famille, ce qui l&rsquo;a conduit jusqu&rsquo;\u00e0 Lorry o\u00f9 ses anc\u00eatres Le Juif s&rsquo;\u00e9taient convertis \u00e0 la Religion r\u00e9form\u00e9e.<\/p>\r\n<!-- \/wp:paragraph -->\r\n\r\n<!-- wp:paragraph -->\r\n<p>Liens :<\/p>\r\n<!-- \/wp:paragraph -->\r\n\r\n<!-- wp:paragraph -->\r\n<p style=\"text-align: center;\"><a href=\"http:\/\/www.lorry-mardigny-patrimoine.fr\/histoire\/vie-religieuse-du-xvie-au-xviiie-siecle\/\" target=\"_blank\" rel=\"noreferrer noopener\">La vie religieuse \u00e0 Lorry-Mardigny du XVI<sup>e<\/sup> au XVIII<sup>e<\/sup> si\u00e8cle<\/a> (A.M. Dufour)<\/p>\r\n<p style=\"text-align: center;\"><!-- \/wp:paragraph -->\r\n\r\n<!-- wp:paragraph --><\/p>\r\n<p style=\"text-align: center;\"><a href=\"https:\/\/gw.geneanet.org\/lorrymardigny?lang=fr\" target=\"_blank\" rel=\"noreferrer noopener\">Reconstitution des familles de Lorry-Mardigny<\/a> (J. Carbonnet)<\/p>\r\n<p style=\"text-align: center;\"><!-- \/wp:paragraph -->\r\n\r\n<!-- wp:paragraph --><\/p>\r\n<p style=\"text-align: center;\"><a href=\"https:\/\/huguenots-france.org\/france\/lorraine\/protestantisme_lorraine.htm\" target=\"_blank\" rel=\"noreferrer noopener\" aria-label=\" (s\u2019ouvre dans un nouvel onglet)\">Le protestantisme en Lorraine<\/a> (J.L. Calbat)<\/p>\r\n<p style=\"text-align: center;\"><!-- \/wp:paragraph -->\r\n\r\n<!-- wp:paragraph --><\/p>\r\n<p style=\"text-align: center;\"><a href=\"https:\/\/archive.org\/details\/historyofshuey00shue\/page\/n4\" target=\"_blank\" rel=\"noreferrer noopener\" aria-label=\" (s\u2019ouvre dans un nouvel onglet)\">History of the Shuey family in America<\/a> (D.B. Shuey)<\/p>\r\n<p style=\"text-align: center;\"><!-- \/wp:paragraph -->\r\n\r\n<!-- wp:paragraph --><\/p>\r\n<p style=\"text-align: center;\"><a href=\"https:\/\/genealogie-metz-moselle.fr\/\" target=\"_blank\" rel=\"noreferrer noopener\">Cercle G\u00e9n\u00e9alogique du Pays messin<\/a><\/p>\r\n<!-- \/wp:paragraph -->\r\n\r\n<!-- wp:image {\"id\":1329,\"align\":\"center\"} -->\r\n<div class=\"wp-block-image\">\r\n<figure class=\"aligncenter\"><img decoding=\"async\" class=\"wp-image-1329 aligncenter\" src=\"http:\/\/www.lorry-mardigny-patrimoine.fr\/wp-content\/uploads\/Livre_des_familles_Lorry-2019-01-30_couv-212x300.jpg\" alt=\"\" \/><\/figure>\r\n<\/div>\r\n<!-- \/wp:image -->\r\n\r\n<!-- wp:paragraph {\"align\":\"center\",\"customTextColor\":\"#870567\",\"fontSize\":\"medium\"} -->\r\n<p>&nbsp;<\/p>\r\n<p class=\"has-text-color has-medium-font-size\"><span style=\"font-size: 14pt; color: #339966;\"><strong>La R\u00e9forme \u00e0 Lorry devant le Pont, <\/strong><strong>village du Pays messin:<\/strong> <strong>l&rsquo;expo<\/strong><\/span><\/p>\r\n<p><span style=\"color: #339966;\"><!-- \/wp:paragraph -->\r\n\r\n<!-- wp:paragraph {\"align\":\"center\",\"customTextColor\":\"#870567\",\"fontSize\":\"medium\"} --><\/span> <span style=\"color: #339966;\"><!-- \/wp:paragraph -->\r\n\r\n<!-- wp:paragraph {\"customTextColor\":\"#870567\"} --><\/span><\/p>\r\n<p class=\"has-text-color\"><span style=\"color: #339966;\"><strong>Panneau 1\u00a0: Naissance de la R\u00e9forme<\/strong><\/span><\/p>\r\n<!-- \/wp:paragraph -->\r\n\r\n<!-- wp:paragraph -->\r\n<p>Au d\u00e9but du 16e si\u00e8cle, s&rsquo;exprime partout la volont\u00e9 de r\u00e9forme de l&rsquo;Eglise catholique romaine. La question du salut des \u00e2mes est centrale. Les r\u00e9formateurs souhaitent un retour aux sources du christianisme et profitent de l&rsquo;essor de l&rsquo;imprimerie pour diffuser leurs \u00e9crits et la Bible en langue vernaculaire. Ce mouvement de r\u00e9forme aboutit \u00e0 une scission entre l&rsquo;\u00c9glise catholique romaine et les \u00c9glises protestantes.<\/p>\r\n<!-- \/wp:paragraph -->\r\n\r\n<!-- wp:paragraph {\"customTextColor\":\"#870567\"} -->\r\n<p class=\"has-text-color\"><span style=\"color: #339966;\"><strong>Panneau 2\u00a0: La R\u00e9forme \u00e0 Metz au 16<sup>e<\/sup> si\u00e8cle\u00a0: du luth\u00e9ranisme au calvinisme<\/strong><\/span><\/p>\r\n<!-- \/wp:paragraph -->\r\n\r\n<!-- wp:paragraph -->\r\n<p>Au 16e si\u00e8cle, \u00e0 Metz, \u00ab\u00a0ville libre\u00a0\u00bb du Saint-Empire romain germanique, d\u00e8s les ann\u00e9es 1520, une partie des \u00e9lites est gagn\u00e9e aux id\u00e9es de la R\u00e9forme de Luther. En 1542, le r\u00e9formateur Guillaume Farel y \u00ab\u00a0dresse\u00a0\u00bb l&rsquo;\u00e9glise r\u00e9form\u00e9e de Metz. En 1552, l&rsquo;arm\u00e9e du roi de France entre dans Metz ; les \u00e9v\u00each\u00e9s de Metz, Toul et Verdun tombent sous la protection fran\u00e7aise. Pour les r\u00e9form\u00e9s de Metz, c&rsquo;est le d\u00e9but de trois d\u00e9cennies o\u00f9 alternent autorisations et interdictions du culte dans et autour de la ville.<\/p>\r\n<!-- \/wp:paragraph -->\r\n\r\n<!-- wp:paragraph {\"customTextColor\":\"#870567\"} -->\r\n<p class=\"has-text-color\"><span style=\"color: #339966;\"><strong>Panneau\u00a03\u00a0: 16<sup>e<\/sup> si\u00e8cle, la R\u00e9forme \u00e0 Lorry-devant-le-Pont\u00a0: entre Metz et Pont-\u00e0-Mousson<\/strong><\/span><\/p>\r\n<!-- \/wp:paragraph -->\r\n\r\n<!-- wp:paragraph -->\r\n<p>La communaut\u00e9 r\u00e9form\u00e9e de Lorry-devant-le-Pont na\u00eet dans les ann\u00e9es 1560 et se d\u00e9veloppe assez rapidement malgr\u00e9 le climat hostile aux r\u00e9form\u00e9s au cours de cette seconde moiti\u00e9 du 16e si\u00e8cle. La proximit\u00e9 de Pont-\u00e0-Mousson, t\u00eate de pont des duch\u00e9s lorrains catholiques, vaut aux r\u00e9form\u00e9s de Lorry de subir l&rsquo;une des derni\u00e8res exp\u00e9ditions punitives des guerres de religion en Lorraine.<\/p>\r\n<!-- \/wp:paragraph -->\r\n\r\n<!-- wp:paragraph {\"customTextColor\":\"#870567\"} -->\r\n<p class=\"has-text-color\"><span style=\"color: #339966;\"><strong>Panneau 4\u00a0: Le quotidien des r\u00e9form\u00e9s de Lorry-devant-le-Pont<\/strong><\/span><\/p>\r\n<!-- \/wp:paragraph -->\r\n\r\n<!-- wp:paragraph -->\r\n<p>Les r\u00e9form\u00e9s de Lorry s&rsquo;organisent tr\u00e8s t\u00f4t : sur le plan local, les anciens sont charg\u00e9s de surveiller leur bonne conduite\u00a0; il y a sans doute une \u00e9cole. Chaque dimanche, ils se rendent au temple de La Horgne o\u00f9 ils rejoignent les autres villageois. Ils se singularisent par les pr\u00e9noms bibliques qu&rsquo;ils donnent \u00e0 leurs enfants.<\/p>\r\n<!-- \/wp:paragraph -->\r\n\r\n<!-- wp:paragraph {\"customTextColor\":\"#870567\"} -->\r\n<p class=\"has-text-color\"><span style=\"color: #339966;\"><strong>Panneau 5\u00a0: Poids des r\u00e9form\u00e9s de Lorry au d\u00e9but du 17<sup>e<\/sup> si\u00e8cle<\/strong><\/span><\/p>\r\n<!-- \/wp:paragraph -->\r\n\r\n<!-- wp:paragraph -->\r\n<p>L&rsquo;importance de la communaut\u00e9 r\u00e9form\u00e9e de Lorry-devant-le-Pont peut s&rsquo;appr\u00e9cier en effectif au sein du village mais aussi par rapport aux autres villages r\u00e9form\u00e9s du Pays messin. Les calvinistes \u00e0 Lorry ont d&rsquo;autant plus de poids qu&rsquo;ils font majoritairement partie de l&rsquo;\u00e9lite locale.<\/p>\r\n<!-- \/wp:paragraph -->\r\n\r\n<!-- wp:paragraph {\"customTextColor\":\"#870567\"} -->\r\n<p class=\"has-text-color\"><span style=\"color: #339966;\"><strong>Panneau 6\u00a0: De la Guerre de Trente Ans \u00e0 l&rsquo;arriv\u00e9e d&rsquo;Abraham Le Duchat \u00e0 Mardigny<\/strong><\/span><\/p>\r\n<!-- \/wp:paragraph -->\r\n\r\n<!-- wp:paragraph -->\r\n<p>Dans le deuxi\u00e8me quart du 17e si\u00e8cle, l&rsquo;espace lorrain est \u00e0 nouveau emport\u00e9 dans une guerre de religion qui d\u00e9chire toute l&rsquo;Europe. Dans le Pays messin, troupes ennemies ou amies font les m\u00eames ravages et propagent la peste.<\/p>\r\n<!-- \/wp:paragraph -->\r\n\r\n<!-- wp:paragraph -->\r\n<p>En 1651, un membre de l&rsquo;\u00e9lite r\u00e9form\u00e9e messine, Abraham Le Duchat, ach\u00e8te la seigneurie de Mardigny et y introduit, bien tardivement, la R\u00e9forme.<\/p>\r\n<!-- \/wp:paragraph -->\r\n\r\n<!-- wp:paragraph {\"customTextColor\":\"#870567\"} -->\r\n<p class=\"has-text-color\"><span style=\"color: #339966;\"><strong>Panneau 7\u00a0: Vers la R\u00e9vocation de l&rsquo; \u00c9dit de Nantes<\/strong><\/span><\/p>\r\n<!-- \/wp:paragraph -->\r\n\r\n<!-- wp:paragraph -->\r\n<p>Le lent d\u00e9clin de la communaut\u00e9 r\u00e9form\u00e9e de Lorry-devant-le-Pont commence d\u00e8s les ann\u00e9es 1650. Elle a perdu globalement le dynamisme qui l&rsquo;a longtemps caract\u00e9ris\u00e9e et voit fondre ses effectifs. Face \u00e0 elle, la R\u00e9forme catholique atteint Lorry.<\/p>\r\n<!-- \/wp:paragraph -->\r\n\r\n<!-- wp:paragraph {\"customTextColor\":\"#870567\"} -->\r\n<p class=\"has-text-color\"><span style=\"color: #339966;\"><strong>Panneau 8\u00a0: De l&rsquo;\u00c9dit de Fontainebleau \u00e0 l&rsquo; \u00c9dit de Potsdam<\/strong><\/span><\/p>\r\n<!-- \/wp:paragraph -->\r\n\r\n<!-- wp:paragraph -->\r\n<p>La R\u00e9vocation de l&rsquo;\u00c9dit de Nantes est un v\u00e9ritable traumatisme pour la communaut\u00e9 r\u00e9form\u00e9e, d&rsquo;autant qu&rsquo;elle s&rsquo;accompagne d&rsquo;une intensification des pers\u00e9cutions. Aussi certains vont r\u00e9pondre tr\u00e8s vite \u00e0 l&rsquo;invitation \u00e0 l&rsquo;\u00e9migration lanc\u00e9e par le Grand \u00c9lecteur depuis Berlin.<\/p>\r\n<!-- \/wp:paragraph -->\r\n\r\n<!-- wp:paragraph {\"customTextColor\":\"#870567\"} -->\r\n<p class=\"has-text-color\"><span style=\"color: #339966;\"><strong>Panneau 9\u00a0: Les derniers r\u00e9sistants<\/strong><\/span><\/p>\r\n<!-- \/wp:paragraph -->\r\n\r\n<!-- wp:paragraph -->\r\n<p>Plusieurs familles de Lorry, malgr\u00e9 l&rsquo;interdiction du culte r\u00e9form\u00e9, vont conserver leur foi et maintenir une pr\u00e9sence huguenote sur plusieurs g\u00e9n\u00e9rations, sans toutefois conna\u00eetre sur place l&rsquo;\u00c9dit de tol\u00e9rance de 1787.<\/p>\r\n<!-- \/wp:paragraph -->\r\n\r\n<!-- wp:paragraph {\"customTextColor\":\"#870567\"} -->\r\n<p class=\"has-text-color\"><span style=\"color: #339966;\"><strong>Panneau 10\u00a0: L&#8217;empreinte fran\u00e7aise \u00e0 Berlin<\/strong><\/span><\/p>\r\n<!-- \/wp:paragraph -->\r\n\r\n<!-- wp:paragraph -->\r\n<p>L&rsquo;\u00c9dit de Potsdam de Fr\u00e9d\u00e9ric Guillaume 1er rencontra un vif succ\u00e8s. On estime \u00e0 20 000 les huguenots qui s&rsquo;install\u00e8rent dans le Brandebourg apr\u00e8s 1685, leur colonie la plus nombreuse \u00e9tant la ville de Berlin. Les Messins repr\u00e9sentent plus du quart des r\u00e9fugi\u00e9s dans la capitale du Brandebourg. De nombreux huguenots faisaient partie de l&rsquo;\u00e9lite intellectuelle et \u00e9conomique. Ils ont exerc\u00e9 une forte influence culturelle dans cette ville qui va d\u00e8s lors s&rsquo;\u00e9lever au rang de capitale.<\/p>\r\n<!-- \/wp:paragraph -->\r\n\r\n<!-- wp:paragraph {\"customTextColor\":\"#870567\"} -->\r\n<p class=\"has-text-color\"><span style=\"color: #339966;\"><strong>Panneau 11\u00a0: La famille Schuy\/Shuey de Lorry \u00e0 la Pennsylvanie<\/strong><\/span><\/p>\r\n<!-- \/wp:paragraph -->\r\n\r\n<!-- wp:paragraph -->\r\n<p>Parmi les familles r\u00e9form\u00e9es qui ont quitt\u00e9 Lorry, une branche des Le Juif a eu un parcours \u00e9tonnant, se joignant \u00e0 l&rsquo;\u00e9migration allemande vers le Nouveau Monde. Le nom de famille s&rsquo;est progressivement transform\u00e9 avec le temps et au contact de nouvelles langues : Le Juif, Juy, Schuy, Shuey.<\/p>\r\n<!-- \/wp:paragraph -->\r\n\r\n<!-- wp:paragraph -->\r\n<p><a href=\"http:\/\/www.lorry-mardigny-patrimoine.fr\/wp-content\/uploads\/Lorry-Mardigny_23-24-fev.pdf\">T\u00e9l\u00e9charger le tract en pdf<\/a><\/p>\r\n<!-- \/wp:paragraph -->\r\n\r\n<!-- wp:image {\"id\":1336} -->\r\n<figure class=\"wp-block-image\"><img decoding=\"async\" class=\"wp-image-1336\" src=\"http:\/\/www.lorry-mardigny-patrimoine.fr\/wp-content\/uploads\/tract_A5_recto_w-722x1024.jpg\" alt=\"\" \/><\/figure>\r\n<!-- \/wp:image -->\r\n\r\n<!-- wp:image {\"id\":1339} -->\r\n<figure class=\"wp-block-image\"><img decoding=\"async\" class=\"wp-image-1339\" src=\"http:\/\/www.lorry-mardigny-patrimoine.fr\/wp-content\/uploads\/tract_A5_verso_w-722x1024.jpg\" alt=\"\" \/><\/figure>","protected":false},"excerpt":{"rendered":"<p>23-24 f\u00e9vrier 2019 Une page m\u00e9connue de l\u2019histoire de Lorry-Mardigny, village du Pays messin : la R\u00e9forme protestante du 16e au 18e si\u00e8cle (conf\u00e9rences, exposition) La Commission Patrimoine de Familles Rurales a propos\u00e9 deux journ\u00e9es consacr\u00e9es \u00e0 une page d&rsquo;histoire de la commune, avec quatre conf\u00e9rences et une exposition. Le public de ces deux journ\u00e9es <a class=\"more-link\" href=\"https:\/\/www.lorry-mardigny-patrimoine.fr\/histoire\/lorry-mardigny-et-la-reforme-protestante-16e-18e-siecle\/\">Lire plus &#8230;<\/a><\/p>\n","protected":false},"author":1,"featured_media":1594,"comment_status":"closed","ping_status":"closed","sticky":false,"template":"","format":"standard","meta":{"footnotes":""},"categories":[5,115],"tags":[102,152],"class_list":["post-1583","post","type-post","status-publish","format-standard","has-post-thumbnail","hentry","category-16e-18e-siecle","category-vie-religieuse","tag-histoire-des-familles","tag-protestantisme"],"_links":{"self":[{"href":"https:\/\/www.lorry-mardigny-patrimoine.fr\/histoire\/wp-json\/wp\/v2\/posts\/1583","targetHints":{"allow":["GET"]}}],"collection":[{"href":"https:\/\/www.lorry-mardigny-patrimoine.fr\/histoire\/wp-json\/wp\/v2\/posts"}],"about":[{"href":"https:\/\/www.lorry-mardigny-patrimoine.fr\/histoire\/wp-json\/wp\/v2\/types\/post"}],"author":[{"embeddable":true,"href":"https:\/\/www.lorry-mardigny-patrimoine.fr\/histoire\/wp-json\/wp\/v2\/users\/1"}],"replies":[{"embeddable":true,"href":"https:\/\/www.lorry-mardigny-patrimoine.fr\/histoire\/wp-json\/wp\/v2\/comments?post=1583"}],"version-history":[{"count":1,"href":"https:\/\/www.lorry-mardigny-patrimoine.fr\/histoire\/wp-json\/wp\/v2\/posts\/1583\/revisions"}],"predecessor-version":[{"id":1647,"href":"https:\/\/www.lorry-mardigny-patrimoine.fr\/histoire\/wp-json\/wp\/v2\/posts\/1583\/revisions\/1647"}],"wp:featuredmedia":[{"embeddable":true,"href":"https:\/\/www.lorry-mardigny-patrimoine.fr\/histoire\/wp-json\/wp\/v2\/media\/1594"}],"wp:attachment":[{"href":"https:\/\/www.lorry-mardigny-patrimoine.fr\/histoire\/wp-json\/wp\/v2\/media?parent=1583"}],"wp:term":[{"taxonomy":"category","embeddable":true,"href":"https:\/\/www.lorry-mardigny-patrimoine.fr\/histoire\/wp-json\/wp\/v2\/categories?post=1583"},{"taxonomy":"post_tag","embeddable":true,"href":"https:\/\/www.lorry-mardigny-patrimoine.fr\/histoire\/wp-json\/wp\/v2\/tags?post=1583"}],"curies":[{"name":"wp","href":"https:\/\/api.w.org\/{rel}","templated":true}]}}