{"id":161,"date":"2012-11-22T22:08:21","date_gmt":"2012-11-22T21:08:21","guid":{"rendered":"http:\/\/www.lorry-mardigny-patrimoine.fr\/ecoles\/?p=161"},"modified":"2019-03-10T10:27:21","modified_gmt":"2019-03-10T09:27:21","slug":"quelques-souvenirs","status":"publish","type":"post","link":"https:\/\/www.lorry-mardigny-patrimoine.fr\/histoire\/quelques-souvenirs\/","title":{"rendered":"Quelques souvenirs"},"content":{"rendered":"<p style=\"text-align: justify;\">1. \u2013 J\u2019aimais monter \u00e0 la corde. Elle \u00e9tait fix\u00e9e \u00e0 une branche du noyer majestueux qui se trouvait au centre de la cour de l\u2019\u00e9cole.<\/p>\n<p style=\"text-align: justify;\">2. \u2013 Je me souviens aussi que le ma\u00eetre avait un b\u00e2ton et bastonnait sur les fesses les gar\u00e7ons (moins sages que les filles).<\/p>\n<p style=\"text-align: justify;\"><!--more--><\/p>\n<p style=\"text-align: justify;\">Il y en avait un pour qui c\u2019\u00e9tait souvent le tour. Un jour il s\u2019est bien garni les fesses de carton, ce qui nous a bien amus\u00e9.<\/p>\n<p style=\"text-align: justify;\">3. \u2013 Certains jours il y avait des \u00e9l\u00e8ves qui ne voulaient pas participer aux le\u00e7ons de cat\u00e9chisme du cur\u00e9, alors il se cachaient dans le grand placard qui se trouvait \u00e0 notre droite. Lorsque la supercherie \u00e9tait d\u00e9couverte, ils avaient droit \u00e0 une bonne punition.<\/p>\n<p style=\"text-align: justify;\">Marie-Th\u00e9r\u00e8se, Lorry, 1945-juillet 1951<\/p>\n","protected":false},"excerpt":{"rendered":"<p>1. \u2013 J\u2019aimais monter \u00e0 la corde. Elle \u00e9tait fix\u00e9e \u00e0 une branche du noyer majestueux qui se trouvait au centre de la cour de l\u2019\u00e9cole. 2. \u2013 Je me souviens aussi que le ma\u00eetre avait un b\u00e2ton et bastonnait sur les fesses les gar\u00e7ons (moins sages que les filles).<\/p>\n","protected":false},"author":1,"featured_media":0,"comment_status":"closed","ping_status":"closed","sticky":false,"template":"","format":"standard","meta":{"footnotes":""},"categories":[9],"tags":[105],"class_list":["post-161","post","type-post","status-publish","format-standard","hentry","category-ecole-au-20e-siecle-temoignages","tag-ecole-1945-1969"],"_links":{"self":[{"href":"https:\/\/www.lorry-mardigny-patrimoine.fr\/histoire\/wp-json\/wp\/v2\/posts\/161","targetHints":{"allow":["GET"]}}],"collection":[{"href":"https:\/\/www.lorry-mardigny-patrimoine.fr\/histoire\/wp-json\/wp\/v2\/posts"}],"about":[{"href":"https:\/\/www.lorry-mardigny-patrimoine.fr\/histoire\/wp-json\/wp\/v2\/types\/post"}],"author":[{"embeddable":true,"href":"https:\/\/www.lorry-mardigny-patrimoine.fr\/histoire\/wp-json\/wp\/v2\/users\/1"}],"replies":[{"embeddable":true,"href":"https:\/\/www.lorry-mardigny-patrimoine.fr\/histoire\/wp-json\/wp\/v2\/comments?post=161"}],"version-history":[{"count":4,"href":"https:\/\/www.lorry-mardigny-patrimoine.fr\/histoire\/wp-json\/wp\/v2\/posts\/161\/revisions"}],"predecessor-version":[{"id":587,"href":"https:\/\/www.lorry-mardigny-patrimoine.fr\/histoire\/wp-json\/wp\/v2\/posts\/161\/revisions\/587"}],"wp:attachment":[{"href":"https:\/\/www.lorry-mardigny-patrimoine.fr\/histoire\/wp-json\/wp\/v2\/media?parent=161"}],"wp:term":[{"taxonomy":"category","embeddable":true,"href":"https:\/\/www.lorry-mardigny-patrimoine.fr\/histoire\/wp-json\/wp\/v2\/categories?post=161"},{"taxonomy":"post_tag","embeddable":true,"href":"https:\/\/www.lorry-mardigny-patrimoine.fr\/histoire\/wp-json\/wp\/v2\/tags?post=161"}],"curies":[{"name":"wp","href":"https:\/\/api.w.org\/{rel}","templated":true}]}}