{"id":1709,"date":"2025-11-06T19:10:27","date_gmt":"2025-11-06T18:10:27","guid":{"rendered":"https:\/\/www.lorry-mardigny-patrimoine.fr\/histoire\/?p=1709"},"modified":"2025-11-06T19:32:44","modified_gmt":"2025-11-06T18:32:44","slug":"colloque-du-chpm-2024","status":"publish","type":"post","link":"https:\/\/www.lorry-mardigny-patrimoine.fr\/histoire\/colloque-du-chpm-2024\/","title":{"rendered":"Colloque du CHPM 2024"},"content":{"rendered":"<p><a href=\"https:\/\/www.lorry-mardigny-patrimoine.fr\/histoire\/wp-content\/uploads\/colloque-CHPM-15-11-2024.png\"><img loading=\"lazy\" decoding=\"async\" class=\"aligncenter size-large wp-image-1711\" src=\"https:\/\/www.lorry-mardigny-patrimoine.fr\/histoire\/wp-content\/uploads\/colloque-CHPM-15-11-2024-1024x768.png\" alt=\"\" width=\"780\" height=\"585\" srcset=\"https:\/\/www.lorry-mardigny-patrimoine.fr\/histoire\/wp-content\/uploads\/colloque-CHPM-15-11-2024-1024x768.png 1024w, https:\/\/www.lorry-mardigny-patrimoine.fr\/histoire\/wp-content\/uploads\/colloque-CHPM-15-11-2024-300x225.png 300w, https:\/\/www.lorry-mardigny-patrimoine.fr\/histoire\/wp-content\/uploads\/colloque-CHPM-15-11-2024-768x576.png 768w, https:\/\/www.lorry-mardigny-patrimoine.fr\/histoire\/wp-content\/uploads\/colloque-CHPM-15-11-2024.png 1200w\" sizes=\"auto, (max-width: 780px) 100vw, 780px\" \/><\/a><\/p>\n<p style=\"text-align: center;\"><span style=\"font-size: 18pt;\"><strong>Colloque du Comit\u00e9 d&rsquo;Histoire du Pays Messin &#8211; 15\/11\/2024<\/strong><\/span><\/p>\n<p style=\"text-align: center;\"><span style=\"font-size: 14pt;\"><strong>Les cimeti\u00e8res, lieux de m\u00e9moire et de souvenir<\/strong><\/span><\/p>\n<p>Le Comit\u00e9 d&rsquo;Histoire du Pays Messin regroupe de fa\u00e7on informelle des associations, messines et du Pays messin, ayant pour objet l&rsquo;histoire.\u00a0 Chaque ann\u00e9e, la veille du Salon du Livre d\u2019Histoire de Woippy, le CHPM organise un colloque sur un th\u00e8me li\u00e9 \u00e0 l\u2019histoire de Metz et du Pays messin.<\/p>\n<p>La Commission Patrimoine de l&rsquo;Association de La C\u00f4te a particip\u00e9 au colloque de 2024 avec deux interventions :<\/p>\n<p>&#8211; <strong>O\u00f9 enterrer ses morts ? Le cas des r\u00e9form\u00e9s du XVII<sup>e<\/sup> si\u00e8cle en Pays messin<\/strong><\/p>\n<p>Du XVI<sup>e<\/sup> si\u00e8cle \u00e0 la fin du XVII<sup>e<\/sup> si\u00e8cle, l&rsquo;inhumation des r\u00e9form\u00e9s a provoqu\u00e9 quelques tensions dans les villages du Pays messin entre les communaut\u00e9s catholiques et r\u00e9form\u00e9es, au point qu&rsquo;apr\u00e8s le passage d&rsquo;Henri IV \u00e0 Metz en 1603 et du fait de la nomination du cardinal de Givry comme \u00e9v\u00eaque de Metz, deux commissaires, l&rsquo;un catholique, l&rsquo;autre r\u00e9form\u00e9, ont parcouru les villages du Pays messin concern\u00e9s pour faire le point des solutions envisag\u00e9es : partage du cimeti\u00e8re existant ou cr\u00e9ation d&rsquo;un nouveau cimeti\u00e8re pour les calvinistes.<\/p>\n<p>&#8211; <strong>\u00c0 la recherche du chanoine Ritz<\/strong><\/p>\n<p>Charles Ritz est n\u00e9 \u00e0 Lorry-Mardigny en 1880 et enterr\u00e9 dans le cimeti\u00e8re de Lorry en janvier 1939. \u00c9ditorialiste, il devient directeur du <em>Lorrain<\/em>, journal catholique, francophone et francophile (1883-1949) influant avant la Premi\u00e8re Guerre mondiale puis entre-deux-guerres. C&rsquo;est aussi un homme politique local, \u00e9lu conseiller g\u00e9n\u00e9ral du canton de Verny, puis vice-pr\u00e9sident du Conseil G\u00e9n\u00e9ral de la Moselle.<\/p>\n<p>En juin ou d\u00e9but juillet 1940, les autorit\u00e9s allemandes recherchent cette personnalit\u00e9 francophile pour l&rsquo;expulser, mais c&rsquo;est le chemin du cimeti\u00e8re qu&rsquo;un habitant de Lorry leur indique.<\/p>\n<p style=\"text-align: right;\">Anne-Marie Dufour<\/p>\n<p><strong>D\u00e9roul\u00e9 du colloque :<\/strong><\/p>\n<p>Matin\u00a0:<\/p>\n<p>9h45 : Claudine KESTER pour Lorry-l\u00e8s-Metz au fil du temps : Barbe Henr\u00ff d\u2019Aulnoy, victime de l\u2019affaire de Verdun<\/p>\n<p>10h : Sylvie REICH pour le Club marangeois d&rsquo;histoire locale : Itin\u00e9raire d\u2019un Lorrain au service de la France\u00a0: le capitaine Petitjean<\/p>\n<p>11h15 : Anne- Marie DUFOUR pour l&rsquo;Association de La C\u00f4te (Lorry-Mardigny) : O\u00f9 enterrer ses morts ? Le cas des R\u00e9form\u00e9s du XVII<sup>e<\/sup> si\u00e8cle, suivi de \u00c0 la recherche du Chanoine Ritz<\/p>\n<p>11h45 : Prix Ren\u00e9 PAQUET remis \u00e0 Alain Gatti pour son livre : <em>Travailler, vivre et penser Bata<\/em> aux \u00e9ditions des Paraiges<\/p>\n<p>Apr\u00e8s-midi\u00a0:<\/p>\n<p>14h : Robert HABERMANN et Lucien ARZ pour Montigny Autrefois : Les cimeti\u00e8res de Montigny<\/p>\n<p>14h45 : Jo\u00ebl MARTZ pour les Amis du Patrimoine de Marly et du Sud messin : Marly 1944, la chute du Lancaster<\/p>\n<p>15h30 : Yvette ILLY pour Les amis du Vieux Plappeville : 1944-1945, l\u2019artiste Albert Thiam, t\u00e9moin du camp de Tambow<\/p>\n<p>16h15 : S\u00e9bastien WAGNER : pr\u00e9sentation des livres des \u00e9ditions des Paraiges<\/p>\n<p><a href=\"https:\/\/www.lorry-mardigny-patrimoine.fr\/histoire\/wp-content\/uploads\/2024-11-15_DSC04059.jpg\"><img loading=\"lazy\" decoding=\"async\" class=\"aligncenter size-large wp-image-1710\" src=\"https:\/\/www.lorry-mardigny-patrimoine.fr\/histoire\/wp-content\/uploads\/2024-11-15_DSC04059-1024x419.jpg\" alt=\"\" width=\"780\" height=\"319\" srcset=\"https:\/\/www.lorry-mardigny-patrimoine.fr\/histoire\/wp-content\/uploads\/2024-11-15_DSC04059-1024x419.jpg 1024w, https:\/\/www.lorry-mardigny-patrimoine.fr\/histoire\/wp-content\/uploads\/2024-11-15_DSC04059-300x123.jpg 300w, https:\/\/www.lorry-mardigny-patrimoine.fr\/histoire\/wp-content\/uploads\/2024-11-15_DSC04059-768x314.jpg 768w, https:\/\/www.lorry-mardigny-patrimoine.fr\/histoire\/wp-content\/uploads\/2024-11-15_DSC04059-1536x628.jpg 1536w, https:\/\/www.lorry-mardigny-patrimoine.fr\/histoire\/wp-content\/uploads\/2024-11-15_DSC04059.jpg 1800w\" sizes=\"auto, (max-width: 780px) 100vw, 780px\" \/><\/a><\/p>\n","protected":false},"excerpt":{"rendered":"<p>Colloque du Comit\u00e9 d&rsquo;Histoire du Pays Messin &#8211; 15\/11\/2024 Les cimeti\u00e8res, lieux de m\u00e9moire et de souvenir Le Comit\u00e9 d&rsquo;Histoire du Pays Messin regroupe de fa\u00e7on informelle des associations, messines et du Pays messin, ayant pour objet l&rsquo;histoire.\u00a0 Chaque ann\u00e9e, la veille du Salon du Livre d\u2019Histoire de Woippy, le CHPM organise un colloque sur <a class=\"more-link\" href=\"https:\/\/www.lorry-mardigny-patrimoine.fr\/histoire\/colloque-du-chpm-2024\/\">Lire plus &#8230;<\/a><\/p>\n","protected":false},"author":1,"featured_media":1711,"comment_status":"closed","ping_status":"closed","sticky":false,"template":"","format":"standard","meta":{"footnotes":""},"categories":[5,127,7,115],"tags":[151,118,117,125,152],"class_list":["post-1709","post","type-post","status-publish","format-standard","has-post-thumbnail","hentry","category-16e-18e-siecle","category-1919-1940","category-20e-siecle","category-vie-religieuse","tag-annexions-allemandes","tag-calvinistes","tag-communaute-protestante","tag-entre-deux-guerres","tag-protestantisme"],"_links":{"self":[{"href":"https:\/\/www.lorry-mardigny-patrimoine.fr\/histoire\/wp-json\/wp\/v2\/posts\/1709","targetHints":{"allow":["GET"]}}],"collection":[{"href":"https:\/\/www.lorry-mardigny-patrimoine.fr\/histoire\/wp-json\/wp\/v2\/posts"}],"about":[{"href":"https:\/\/www.lorry-mardigny-patrimoine.fr\/histoire\/wp-json\/wp\/v2\/types\/post"}],"author":[{"embeddable":true,"href":"https:\/\/www.lorry-mardigny-patrimoine.fr\/histoire\/wp-json\/wp\/v2\/users\/1"}],"replies":[{"embeddable":true,"href":"https:\/\/www.lorry-mardigny-patrimoine.fr\/histoire\/wp-json\/wp\/v2\/comments?post=1709"}],"version-history":[{"count":1,"href":"https:\/\/www.lorry-mardigny-patrimoine.fr\/histoire\/wp-json\/wp\/v2\/posts\/1709\/revisions"}],"predecessor-version":[{"id":1723,"href":"https:\/\/www.lorry-mardigny-patrimoine.fr\/histoire\/wp-json\/wp\/v2\/posts\/1709\/revisions\/1723"}],"wp:featuredmedia":[{"embeddable":true,"href":"https:\/\/www.lorry-mardigny-patrimoine.fr\/histoire\/wp-json\/wp\/v2\/media\/1711"}],"wp:attachment":[{"href":"https:\/\/www.lorry-mardigny-patrimoine.fr\/histoire\/wp-json\/wp\/v2\/media?parent=1709"}],"wp:term":[{"taxonomy":"category","embeddable":true,"href":"https:\/\/www.lorry-mardigny-patrimoine.fr\/histoire\/wp-json\/wp\/v2\/categories?post=1709"},{"taxonomy":"post_tag","embeddable":true,"href":"https:\/\/www.lorry-mardigny-patrimoine.fr\/histoire\/wp-json\/wp\/v2\/tags?post=1709"}],"curies":[{"name":"wp","href":"https:\/\/api.w.org\/{rel}","templated":true}]}}