{"id":509,"date":"2012-11-15T19:04:49","date_gmt":"2012-11-15T18:04:49","guid":{"rendered":"http:\/\/www.lorry-mardigny-patrimoine.fr\/ecoles\/?p=96"},"modified":"2019-03-10T10:29:35","modified_gmt":"2019-03-10T09:29:35","slug":"nostalgie","status":"publish","type":"post","link":"https:\/\/www.lorry-mardigny-patrimoine.fr\/histoire\/nostalgie\/","title":{"rendered":"Nostalgie&#8230;"},"content":{"rendered":"<p style=\"text-align: justify;\">Tant d\u2019ann\u00e9es apr\u00e8s, nos souvenirs sont presque intacts, ils sont en tout cas fort doux \u00e0 \u00e9voquer.<br \/>\nMartelant un jour l\u2019hymne national en ch<span style=\"font-size: medium;\"><span style=\"font-family: Times New Roman,serif;\">\u0153<\/span><\/span>ur, les gar\u00e7ons avaient promis de terminer par \u00ab&nbsp;\u2026qu\u2019un sang impur, abreuve nos sillons\u2026 tas d\u2019 coch\u2026!&nbsp;\u00bb Un seul ne s\u2019est pas d\u00e9gonfl\u00e9\u2026 Je ne me rappelle ni son nom, ni les cons\u00e9quences.<\/p>\n<p style=\"text-align: justify;\"><!--more--><br \/>\nExquis aussi ces matins frileux qui nous r\u00e9unissaient autour du po\u00eale, devant la carte murale de France, nous permettant de situer les r\u00e9gions et les villes comme des pros, ces verres de lait chaud au go\u00fbter (id\u00e9e de Mend\u00e8s France), les po\u00e9sies imprim\u00e9es par nos soins, nos bancs d\u2019\u00e9coliers que nous sortions dans la cour par les chauds apr\u00e8s-midi, le ch\u00e2teau de Mardigny que nous allions dessiner chaque ann\u00e9e, la classe unique : je t\u2019aide, tu m\u2019aides !<br \/>\nToi comme moi, Andr\u00e9, n\u2019oublions pas que notre carri\u00e8re d\u2019enseignants, c\u2019est sans doute \u00e0 Mr Kiffeurt que nous la devons : j\u2019ai \u00e9t\u00e9 un jour, avec lui, membre du jury du certificat d\u2019\u00e9tudes \u00e0 R\u00e9milly, en 1969, je me sentais toute petite. Terminons par ces essaims d\u2019abeilles que les gar\u00e7ons (\u00e9videmment) avaient vus (peut-\u00eatre\u2026) au verger de notre ma\u00eetre\/apiculteur et qui faisaient gagner quelques moments de r\u00e9cr\u00e9 suppl\u00e9mentaires.<br \/>\nEnfin, un petit clin d\u2019oeil \u00e0 Bernard et Annie Maujean que l\u2019\u00e9cole de Lorry a r\u00e9unis pour la vie !<\/p>\n<p>R\u00e9gine, Lorry, 1951-1957<\/p>\n","protected":false},"excerpt":{"rendered":"<p>Tant d\u2019ann\u00e9es apr\u00e8s, nos souvenirs sont presque intacts, ils sont en tout cas fort doux \u00e0 \u00e9voquer. Martelant un jour l\u2019hymne national en ch\u0153ur, les gar\u00e7ons avaient promis de terminer par \u00ab&nbsp;\u2026qu\u2019un sang impur, abreuve nos sillons\u2026 tas d\u2019 coch\u2026!&nbsp;\u00bb Un seul ne s\u2019est pas d\u00e9gonfl\u00e9\u2026 Je ne me rappelle ni son nom, ni les <a class=\"more-link\" href=\"https:\/\/www.lorry-mardigny-patrimoine.fr\/histoire\/nostalgie\/\">Lire plus &#8230;<\/a><\/p>\n","protected":false},"author":1,"featured_media":0,"comment_status":"closed","ping_status":"closed","sticky":false,"template":"","format":"standard","meta":{"footnotes":""},"categories":[9],"tags":[54,105,93],"class_list":["post-509","post","type-post","status-publish","format-standard","hentry","category-ecole-au-20e-siecle-temoignages","tag-classe-unique","tag-ecole-1945-1969","tag-verre-de-lait"],"_links":{"self":[{"href":"https:\/\/www.lorry-mardigny-patrimoine.fr\/histoire\/wp-json\/wp\/v2\/posts\/509","targetHints":{"allow":["GET"]}}],"collection":[{"href":"https:\/\/www.lorry-mardigny-patrimoine.fr\/histoire\/wp-json\/wp\/v2\/posts"}],"about":[{"href":"https:\/\/www.lorry-mardigny-patrimoine.fr\/histoire\/wp-json\/wp\/v2\/types\/post"}],"author":[{"embeddable":true,"href":"https:\/\/www.lorry-mardigny-patrimoine.fr\/histoire\/wp-json\/wp\/v2\/users\/1"}],"replies":[{"embeddable":true,"href":"https:\/\/www.lorry-mardigny-patrimoine.fr\/histoire\/wp-json\/wp\/v2\/comments?post=509"}],"version-history":[{"count":3,"href":"https:\/\/www.lorry-mardigny-patrimoine.fr\/histoire\/wp-json\/wp\/v2\/posts\/509\/revisions"}],"predecessor-version":[{"id":870,"href":"https:\/\/www.lorry-mardigny-patrimoine.fr\/histoire\/wp-json\/wp\/v2\/posts\/509\/revisions\/870"}],"wp:attachment":[{"href":"https:\/\/www.lorry-mardigny-patrimoine.fr\/histoire\/wp-json\/wp\/v2\/media?parent=509"}],"wp:term":[{"taxonomy":"category","embeddable":true,"href":"https:\/\/www.lorry-mardigny-patrimoine.fr\/histoire\/wp-json\/wp\/v2\/categories?post=509"},{"taxonomy":"post_tag","embeddable":true,"href":"https:\/\/www.lorry-mardigny-patrimoine.fr\/histoire\/wp-json\/wp\/v2\/tags?post=509"}],"curies":[{"name":"wp","href":"https:\/\/api.w.org\/{rel}","templated":true}]}}