{"id":519,"date":"2012-11-21T18:06:01","date_gmt":"2012-11-21T17:06:01","guid":{"rendered":"http:\/\/www.lorry-mardigny-patrimoine.fr\/ecoles\/?p=153"},"modified":"2019-03-10T10:26:35","modified_gmt":"2019-03-10T09:26:35","slug":"souvenirs-dun-eleve-bricoleur","status":"publish","type":"post","link":"https:\/\/www.lorry-mardigny-patrimoine.fr\/histoire\/souvenirs-dun-eleve-bricoleur\/","title":{"rendered":"Souvenirs d&rsquo;un \u00e9l\u00e8ve bricoleur"},"content":{"rendered":"<p style=\"text-align: justify;\">Ma premi\u00e8re ann\u00e9e scolaire a commenc\u00e9 par la derni\u00e8re de M. KIFFEURT comme enseignant. En ce temps-l\u00e0, la classe \u00e9tait chauff\u00e9e par un po\u00eale \u00e0 charbon au milieu de la salle.<\/p>\n<p style=\"text-align: justify;\"><!--more--><\/p>\n<p style=\"text-align: justify;\">Ensuite plusieurs enseignants se sont succ\u00e9d\u00e9 dans cette \u00e9cole, M. PELOURDEAU, Mme MAUJEAN et pour finir mes \u00e9tudes \u00e0 LORRY, c\u2019est avec M. FELLY que j\u2019ai gard\u00e9 de plus grands souvenirs ; par exemple : le fameux \u00ab Nestor \u00bb. Le grimper \u00e0 la corde, les courses d\u2019orientation sur la c\u00f4te de MARDIGNY, deux excursions, l\u2019une \u00e0 DOMREMY et l\u2019autre \u00e0 MONDORF.<br \/>\nIl me fut surtout d\u2019une pr\u00e9cieuse aide en fin d\u2019\u00e9tudes pour que je puisse obtenir mon premier examen, \u00ab le certificat d\u2019\u00e9tudes \u00bb<br \/>\nL\u2019\u00e9cole \u00e9tait encore \u00e0 cours multiples, ce qui permettait de prendre un peu d\u2019avance ou de r\u00e9viser.<br \/>\nUn jour, il me demanda de faire un petit muret devant les toilettes des gar\u00e7ons pour emp\u00eacher l\u2019eau de couler dans la cour, sachant que j\u2019\u00e9tais un petit bricoleur et fils de ma\u00e7on.<br \/>\nDans le milieu de la cour, se trouvait un magnifique noyer et lors de la sortie en r\u00e9cr\u00e9ation pendant la saison des noix, nous faisions tous la course pour en ramasser le plus possible.<br \/>\nSerge, Lorry, d\u00e9but des ann\u00e9es 1960<\/p>\n","protected":false},"excerpt":{"rendered":"<p>Ma premi\u00e8re ann\u00e9e scolaire a commenc\u00e9 par la derni\u00e8re de M. KIFFEURT comme enseignant. En ce temps-l\u00e0, la classe \u00e9tait chauff\u00e9e par un po\u00eale \u00e0 charbon au milieu de la salle.<\/p>\n","protected":false},"author":1,"featured_media":0,"comment_status":"closed","ping_status":"closed","sticky":false,"template":"","format":"standard","meta":{"footnotes":""},"categories":[9],"tags":[54,105],"class_list":["post-519","post","type-post","status-publish","format-standard","hentry","category-ecole-au-20e-siecle-temoignages","tag-classe-unique","tag-ecole-1945-1969"],"_links":{"self":[{"href":"https:\/\/www.lorry-mardigny-patrimoine.fr\/histoire\/wp-json\/wp\/v2\/posts\/519","targetHints":{"allow":["GET"]}}],"collection":[{"href":"https:\/\/www.lorry-mardigny-patrimoine.fr\/histoire\/wp-json\/wp\/v2\/posts"}],"about":[{"href":"https:\/\/www.lorry-mardigny-patrimoine.fr\/histoire\/wp-json\/wp\/v2\/types\/post"}],"author":[{"embeddable":true,"href":"https:\/\/www.lorry-mardigny-patrimoine.fr\/histoire\/wp-json\/wp\/v2\/users\/1"}],"replies":[{"embeddable":true,"href":"https:\/\/www.lorry-mardigny-patrimoine.fr\/histoire\/wp-json\/wp\/v2\/comments?post=519"}],"version-history":[{"count":3,"href":"https:\/\/www.lorry-mardigny-patrimoine.fr\/histoire\/wp-json\/wp\/v2\/posts\/519\/revisions"}],"predecessor-version":[{"id":880,"href":"https:\/\/www.lorry-mardigny-patrimoine.fr\/histoire\/wp-json\/wp\/v2\/posts\/519\/revisions\/880"}],"wp:attachment":[{"href":"https:\/\/www.lorry-mardigny-patrimoine.fr\/histoire\/wp-json\/wp\/v2\/media?parent=519"}],"wp:term":[{"taxonomy":"category","embeddable":true,"href":"https:\/\/www.lorry-mardigny-patrimoine.fr\/histoire\/wp-json\/wp\/v2\/categories?post=519"},{"taxonomy":"post_tag","embeddable":true,"href":"https:\/\/www.lorry-mardigny-patrimoine.fr\/histoire\/wp-json\/wp\/v2\/tags?post=519"}],"curies":[{"name":"wp","href":"https:\/\/api.w.org\/{rel}","templated":true}]}}