{"id":754,"date":"2019-01-10T15:09:26","date_gmt":"2019-01-10T14:09:26","guid":{"rendered":"http:\/\/www.lorry-mardigny-patrimoine.fr\/histoire\/?p=754"},"modified":"2021-12-15T09:11:10","modified_gmt":"2021-12-15T08:11:10","slug":"vie-religieuse-du-xvie-au-xviiie-siecle","status":"publish","type":"post","link":"https:\/\/www.lorry-mardigny-patrimoine.fr\/histoire\/vie-religieuse-du-xvie-au-xviiie-siecle\/","title":{"rendered":"Vie religieuse du XVIe au XVIIIe si\u00e8cle"},"content":{"rendered":"\r\n<p>Ces pages proposent le texte d&rsquo;un m\u00e9moire de ma\u00eetrise en histoire soutenu \u00e0 l&rsquo;Universit\u00e9 de Metz en avril 1999. Auteur Anne-Marie Dufour. Le texte est accessible en fichiers pdf.<\/p>\r\n\r\n\r\n\r\n<div class=\"wp-block-image\">\r\n<figure class=\"alignleft is-resized\">\r\n<div id=\"attachment_635\" style=\"width: 410px\" class=\"wp-caption alignleft\"><a href=\"https:\/\/www.lorry-mardigny-patrimoine.fr\/histoire\/wp-content\/uploads\/VieRelig_couv_croix_catho.jpg\"><img loading=\"lazy\" decoding=\"async\" aria-describedby=\"caption-attachment-635\" class=\"wp-image-635\" src=\"https:\/\/www.lorry-mardigny-patrimoine.fr\/histoire\/wp-content\/uploads\/VieRelig_couv_croix_catho.jpg\" alt=\"\" width=\"400\" height=\"330\" srcset=\"https:\/\/www.lorry-mardigny-patrimoine.fr\/histoire\/wp-content\/uploads\/VieRelig_couv_croix_catho.jpg 468w, https:\/\/www.lorry-mardigny-patrimoine.fr\/histoire\/wp-content\/uploads\/VieRelig_couv_croix_catho-300x247.jpg 300w\" sizes=\"auto, (max-width: 400px) 100vw, 400px\" \/><\/a><p id=\"caption-attachment-635\" class=\"wp-caption-text\">croix catholique autel du 18e si\u00e8cle<\/p><\/div>\r\n<\/figure>\r\n<\/div>\r\n\r\n\r\n\r\n<figure class=\"wp-block-image is-resized\">\r\n<div id=\"attachment_636\" style=\"width: 230px\" class=\"wp-caption alignright\"><a href=\"https:\/\/www.lorry-mardigny-patrimoine.fr\/histoire\/wp-content\/uploads\/VieRelig_couv_croix_prot.jpg\"><img loading=\"lazy\" decoding=\"async\" aria-describedby=\"caption-attachment-636\" class=\"wp-image-636\" src=\"https:\/\/www.lorry-mardigny-patrimoine.fr\/histoire\/wp-content\/uploads\/VieRelig_couv_croix_prot.jpg\" alt=\"\" width=\"220\" height=\"334\" srcset=\"https:\/\/www.lorry-mardigny-patrimoine.fr\/histoire\/wp-content\/uploads\/VieRelig_couv_croix_prot.jpg 263w, https:\/\/www.lorry-mardigny-patrimoine.fr\/histoire\/wp-content\/uploads\/VieRelig_couv_croix_prot-198x300.jpg 198w\" sizes=\"auto, (max-width: 220px) 100vw, 220px\" \/><\/a><p id=\"caption-attachment-636\" class=\"wp-caption-text\">croix huguenote<\/p><\/div>\r\n<\/figure>\r\n\r\n\r\n\r\n<p>&nbsp;<\/p>\r\n<p>&nbsp;<\/p>\r\n<p>&nbsp;<\/p>\r\n<p>&nbsp;<\/p>\r\n<p class=\"has-medium-font-size\"><strong>\u00a0<\/strong><\/p>\r\n\r\n\r\n\r\n<p>&nbsp;<\/p>\r\n\r\n\r\n\r\n<p>&nbsp;<\/p>\r\n\r\n\r\n\r\n<p>&nbsp;<\/p>\r\n<p>&nbsp;<\/p>\r\n<p>&nbsp;<\/p>\r\n<p>_____________________________________________________________________<\/p>\r\n<p style=\"text-align: center;\"><span style=\"font-size: 18pt;\"><strong>La vie religieuse \u00e0\u00a0 Lorry-Mardigny<\/strong> <strong>du 16e au 18e si\u00e8cle<\/strong><\/span><\/p>\r\n<p>&nbsp;<\/p>\r\n<p style=\"text-align: center;\">P L A N<\/p>\r\n\r\n\r\n\r\n<p style=\"text-align: center;\"><a href=\"http:\/\/www.lorry-mardigny-patrimoine.fr\/histoire\/wp-content\/uploads\/0dedicace.pdf\">D\u00e9dicace<\/a><br \/><a href=\"http:\/\/www.lorry-mardigny-patrimoine.fr\/histoire\/wp-content\/uploads\/0Merci.pdf\">Remerciements<\/a><br \/><a href=\"http:\/\/www.lorry-mardigny-patrimoine.fr\/histoire\/wp-content\/uploads\/0HistMai.pdf\">Avant-propos<\/a><br \/><a href=\"http:\/\/www.lorry-mardigny-patrimoine.fr\/histoire\/wp-content\/uploads\/0Sources.pdf\">Sources<\/a><br \/><a href=\"http:\/\/www.lorry-mardigny-patrimoine.fr\/histoire\/wp-content\/uploads\/0Biblio.pdf\">Bibliographie<\/a><br \/><a href=\"http:\/\/www.lorry-mardigny-patrimoine.fr\/histoire\/wp-content\/uploads\/0Abrevia.pdf\">Table des abr\u00e9viations<\/a><\/p>\r\n<p style=\"text-align: center;\"><a href=\"https:\/\/www.lorry-mardigny-patrimoine.fr\/histoire\/vie-religieuse-du-xvie-au-xviiie-siecle-les-annexes\/\">Annexes<\/a><\/p>\r\n\r\n\r\n\r\n<p><a href=\"http:\/\/www.lorry-mardigny-patrimoine.fr\/histoire\/wp-content\/uploads\/0Intro.pdf\">Introduction<\/a><br \/>I. Le cadre g\u00e9ographique de l\u2019\u00e9tude<br \/>II. L\u2019h\u00e9ritage historique : de la Pr\u00e9histoire au Moyen Age<br \/>III.De la R\u00e9forme \u00e0 la R\u00e9volution : la toile de fond de l\u2019\u00e9tude<\/p>\r\n\r\n\r\n\r\n<p><strong>Premi\u00e8re partie. Naissance et affirmation de la R\u00e9forme :<\/strong><br \/><a href=\"http:\/\/www.lorry-mardigny-patrimoine.fr\/histoire\/wp-content\/uploads\/111DBref.pdf\">I. Naissance de la R\u00e9forme : 1561-1592<\/a><br \/>A. Les premiers pas de la R\u00e9forme<br \/>B. Pourquoi la R\u00e9forme \u00e0 Lorry ?<br \/>C. R\u00e9sistance et coexistence<\/p>\r\n\r\n\r\n\r\n<p><a href=\"http:\/\/www.lorry-mardigny-patrimoine.fr\/histoire\/wp-content\/uploads\/112Ref.pdf\">II. Poids et organisation des r\u00e9form\u00e9s de Lorry<\/a><br \/>A. Poids des calvinistes de Lorry (premi\u00e8re moiti\u00e9 du 17e si\u00e8cle)<br \/>B. Une communaut\u00e9 organis\u00e9e et encadr\u00e9e<\/p>\r\n\r\n\r\n\r\n<p><a href=\"http:\/\/www.lorry-mardigny-patrimoine.fr\/histoire\/wp-content\/uploads\/121Catho.pdf\"><strong>Deuxi\u00e8me partie. Renouveau catholique, d\u00e9clin protestant<\/strong><\/a><br \/>I. La reprise en main de l\u2019Eglise catholique<br \/>A. Instabilit\u00e9 \u00e0 la t\u00eate de la paroisse catholique<br \/>B. Les d\u00e9buts de la reprise en main<\/p>\r\n\r\n\r\n\r\n<p><a href=\"http:\/\/www.lorry-mardigny-patrimoine.fr\/histoire\/wp-content\/uploads\/122Decl.pdf\">II. D\u00e9clin de la communaut\u00e9 r\u00e9form\u00e9e<\/a><br \/>A. Une lente \u00e9rosion<br \/>B. Introduction de la religion pr\u00e9tendue r\u00e9form\u00e9e \u00e0 Mardigny ?<br \/>C. Les deux communaut\u00e9s confessionnelles de Lorry 1674-1685<\/p>\r\n\r\n\r\n\r\n<p><a href=\"http:\/\/www.lorry-mardigny-patrimoine.fr\/histoire\/wp-content\/uploads\/131Revoc.pdf\"><strong>Troisi\u00e8me partie. La reconqu\u00eate catholique<\/strong><\/a><br \/>I. Les r\u00e9form\u00e9s apr\u00e8s la r\u00e9vocation de l\u2019\u00e9dit de Nantes<br \/>A. La r\u00e9vocation de l\u2019\u00e9dit de Nantes \u00e0 Lorry<br \/>B. Etre protestant au 18e si\u00e8cle : r\u00e9sister ou abjurer<\/p>\r\n\r\n\r\n\r\n<p><a href=\"http:\/\/www.lorry-mardigny-patrimoine.fr\/histoire\/wp-content\/uploads\/132Paroi.pdf\">II. La paroisse catholique au 18e si\u00e8cle<\/a><br \/>A. Paroisse et cure : les structures<br \/>B. Deux \u00e9glises pour une paroisse<\/p>\r\n\r\n\r\n\r\n<p><a href=\"http:\/\/www.lorry-mardigny-patrimoine.fr\/histoire\/wp-content\/uploads\/133Catho.pdf\">III. Les catholiques au 18e si\u00e8cle<\/a><br \/>A. L\u2019encadrement des paroissiens<br \/>B. La religion des fid\u00e8les<\/p>\r\n\r\n\r\n\r\n<p><a href=\"http:\/\/www.lorry-mardigny-patrimoine.fr\/histoire\/wp-content\/uploads\/0Conclu.pdf\">Conclusion<\/a><br \/><a href=\"http:\/\/www.lorry-mardigny-patrimoine.fr\/histoire\/wp-content\/uploads\/2soutenan.pdf\">Soutenance <\/a><\/p>\r\n<p><a href=\"https:\/\/www.lorry-mardigny-patrimoine.fr\/histoire\/vie-religieuse-du-xvie-au-xviiie-siecle-les-annexes\/\">Annexes<\/a><\/p>\r\n\r\n\r\n","protected":false},"excerpt":{"rendered":"<p>Ces pages proposent le texte d&rsquo;un m\u00e9moire de ma\u00eetrise en histoire soutenu \u00e0 l&rsquo;Universit\u00e9 de Metz en avril 1999. Auteur Anne-Marie Dufour. Le texte est accessible en fichiers pdf. &nbsp; &nbsp; &nbsp; &nbsp; \u00a0 &nbsp; &nbsp; &nbsp; &nbsp; &nbsp; _____________________________________________________________________ La vie religieuse \u00e0\u00a0 Lorry-Mardigny du 16e au 18e si\u00e8cle &nbsp; P L A N <a class=\"more-link\" href=\"https:\/\/www.lorry-mardigny-patrimoine.fr\/histoire\/vie-religieuse-du-xvie-au-xviiie-siecle\/\">Lire plus &#8230;<\/a><\/p>\n","protected":false},"author":1,"featured_media":634,"comment_status":"closed","ping_status":"closed","sticky":false,"template":"","format":"standard","meta":{"footnotes":""},"categories":[5,115],"tags":[118,116,117],"class_list":["post-754","post","type-post","status-publish","format-standard","has-post-thumbnail","hentry","category-16e-18e-siecle","category-vie-religieuse","tag-calvinistes","tag-communaute-catholique","tag-communaute-protestante"],"_links":{"self":[{"href":"https:\/\/www.lorry-mardigny-patrimoine.fr\/histoire\/wp-json\/wp\/v2\/posts\/754","targetHints":{"allow":["GET"]}}],"collection":[{"href":"https:\/\/www.lorry-mardigny-patrimoine.fr\/histoire\/wp-json\/wp\/v2\/posts"}],"about":[{"href":"https:\/\/www.lorry-mardigny-patrimoine.fr\/histoire\/wp-json\/wp\/v2\/types\/post"}],"author":[{"embeddable":true,"href":"https:\/\/www.lorry-mardigny-patrimoine.fr\/histoire\/wp-json\/wp\/v2\/users\/1"}],"replies":[{"embeddable":true,"href":"https:\/\/www.lorry-mardigny-patrimoine.fr\/histoire\/wp-json\/wp\/v2\/comments?post=754"}],"version-history":[{"count":0,"href":"https:\/\/www.lorry-mardigny-patrimoine.fr\/histoire\/wp-json\/wp\/v2\/posts\/754\/revisions"}],"wp:featuredmedia":[{"embeddable":true,"href":"https:\/\/www.lorry-mardigny-patrimoine.fr\/histoire\/wp-json\/wp\/v2\/media\/634"}],"wp:attachment":[{"href":"https:\/\/www.lorry-mardigny-patrimoine.fr\/histoire\/wp-json\/wp\/v2\/media?parent=754"}],"wp:term":[{"taxonomy":"category","embeddable":true,"href":"https:\/\/www.lorry-mardigny-patrimoine.fr\/histoire\/wp-json\/wp\/v2\/categories?post=754"},{"taxonomy":"post_tag","embeddable":true,"href":"https:\/\/www.lorry-mardigny-patrimoine.fr\/histoire\/wp-json\/wp\/v2\/tags?post=754"}],"curies":[{"name":"wp","href":"https:\/\/api.w.org\/{rel}","templated":true}]}}