{"id":773,"date":"2019-01-10T15:28:43","date_gmt":"2019-01-10T14:28:43","guid":{"rendered":"http:\/\/www.lorry-mardigny-patrimoine.fr\/histoire\/?p=773"},"modified":"2019-03-10T09:09:36","modified_gmt":"2019-03-10T08:09:36","slug":"a-lecole-je-me-souviens","status":"publish","type":"post","link":"https:\/\/www.lorry-mardigny-patrimoine.fr\/histoire\/a-lecole-je-me-souviens\/","title":{"rendered":"A l&rsquo;\u00e9cole, je me souviens&#8230;"},"content":{"rendered":"\n<p class=\"has-text-color has-medium-font-size has-vivid-red-color\"><em><strong>Derni\u00e8re visite des \u00e9coles, samedi 24 novembre 2012<br><\/strong><\/em><\/p>\n\n\n\n<p>C&rsquo;est fini, les cris et les rires d&rsquo;enfants ne retentiront plus dans la cour d&rsquo;\u00e9cole, \u00e0 Lorry, \u00e0 Mardigny. Une page se tourne. Un nouveau groupe scolaire accueille \u00e0 partir de cette rentr\u00e9e 2012 tous les enfants des c\u00f4tes \u00e0 Vezon.<\/p>\n\n\n\n<p>Nous avons \u00e9t\u00e9 des centaines \u00e0 jouer, \u00e0 hurler dans ces deux cours de r\u00e9cr\u00e9ation communales, des centaines \u00e0 nous asseoir sur les bancs de ces deux \u00e9coles, \u00e0 nous appliquer, nous \u00e9merveiller, chahuter ou m\u00eame&nbsp; pleurer quelquefois. Nous avons propos\u00e9 \u00e0 tous, anciens \u00e9coliers de Lorry et Mardigny, mais aussi ma\u00eetresses et ma\u00eetres d&rsquo;\u00e9cole, de visiter une derni\u00e8re fois ces deux salles de classe le samedi 24 novembre 2012 de 14h \u00e0 18h.<\/p>\n\n\n\n<p>Pour pr\u00e9parer cette journ\u00e9e des souvenirs de classe, de nombreux anciens \u00e9l\u00e8ves des \u00e9coles de Lorry et Mardigny ont \u00e9crit quelques souvenirs et petites anecdotes : <em><strong>\u00ab\u00a0Je me souviens&#8230;\u00a0\u00bb<\/strong><\/em><\/p>\n\n\n\n<p>Vous trouverez ces textes dans la rubrique \u00ab\u00a0<a href=\"http:\/\/www.lorry-mardigny-patrimoine.fr\/histoire\/category\/histoire-thematique\/ecole\/ecole-au-20e-siecle-temoignages\/\">\u00e9cole au 20e si\u00e8cle : t\u00e9moignages\u00a0\u00bb<\/a><\/p>\n","protected":false},"excerpt":{"rendered":"<p>Derni\u00e8re visite des \u00e9coles, samedi 24 novembre 2012 C&rsquo;est fini, les cris et les rires d&rsquo;enfants ne retentiront plus dans la cour d&rsquo;\u00e9cole, \u00e0 Lorry, \u00e0 Mardigny. Une page se tourne. Un nouveau groupe scolaire accueille \u00e0 partir de cette rentr\u00e9e 2012 tous les enfants des c\u00f4tes \u00e0 Vezon. Nous avons \u00e9t\u00e9 des centaines \u00e0 <a class=\"more-link\" href=\"https:\/\/www.lorry-mardigny-patrimoine.fr\/histoire\/a-lecole-je-me-souviens\/\">Lire plus &#8230;<\/a><\/p>\n","protected":false},"author":1,"featured_media":0,"comment_status":"closed","ping_status":"closed","sticky":false,"template":"","format":"standard","meta":{"footnotes":""},"categories":[9],"tags":[119],"class_list":["post-773","post","type-post","status-publish","format-standard","hentry","category-ecole-au-20e-siecle-temoignages","tag-ecole-20e-siecle"],"_links":{"self":[{"href":"https:\/\/www.lorry-mardigny-patrimoine.fr\/histoire\/wp-json\/wp\/v2\/posts\/773","targetHints":{"allow":["GET"]}}],"collection":[{"href":"https:\/\/www.lorry-mardigny-patrimoine.fr\/histoire\/wp-json\/wp\/v2\/posts"}],"about":[{"href":"https:\/\/www.lorry-mardigny-patrimoine.fr\/histoire\/wp-json\/wp\/v2\/types\/post"}],"author":[{"embeddable":true,"href":"https:\/\/www.lorry-mardigny-patrimoine.fr\/histoire\/wp-json\/wp\/v2\/users\/1"}],"replies":[{"embeddable":true,"href":"https:\/\/www.lorry-mardigny-patrimoine.fr\/histoire\/wp-json\/wp\/v2\/comments?post=773"}],"version-history":[{"count":5,"href":"https:\/\/www.lorry-mardigny-patrimoine.fr\/histoire\/wp-json\/wp\/v2\/posts\/773\/revisions"}],"predecessor-version":[{"id":879,"href":"https:\/\/www.lorry-mardigny-patrimoine.fr\/histoire\/wp-json\/wp\/v2\/posts\/773\/revisions\/879"}],"wp:attachment":[{"href":"https:\/\/www.lorry-mardigny-patrimoine.fr\/histoire\/wp-json\/wp\/v2\/media?parent=773"}],"wp:term":[{"taxonomy":"category","embeddable":true,"href":"https:\/\/www.lorry-mardigny-patrimoine.fr\/histoire\/wp-json\/wp\/v2\/categories?post=773"},{"taxonomy":"post_tag","embeddable":true,"href":"https:\/\/www.lorry-mardigny-patrimoine.fr\/histoire\/wp-json\/wp\/v2\/tags?post=773"}],"curies":[{"name":"wp","href":"https:\/\/api.w.org\/{rel}","templated":true}]}}