{"id":781,"date":"2019-01-20T18:38:33","date_gmt":"2019-01-20T17:38:33","guid":{"rendered":"http:\/\/www.lorry-mardigny-patrimoine.fr\/histoire\/?p=781"},"modified":"2025-11-24T17:30:34","modified_gmt":"2025-11-24T16:30:34","slug":"regents-decole-et-instituteurs-de-lorry-mardigny","status":"publish","type":"post","link":"https:\/\/www.lorry-mardigny-patrimoine.fr\/histoire\/regents-decole-et-instituteurs-de-lorry-mardigny\/","title":{"rendered":"R\u00e9gents d&rsquo;\u00e9cole et instituteurs de Lorry-Mardigny"},"content":{"rendered":"\r\n<p>Liste des r\u00e9gents d&rsquo;\u00e9cole, instituteurs et professeurs des \u00e9coles de Lorry et Mardigny<\/p>\r\n\r\n\r\n\r\n<table style=\"height: 1680px; width: 79.7761%; border-style: solid;\">\r\n<tbody>\r\n<tr style=\"height: 24px;\">\r\n<td style=\"width: 35.5556%; height: 24px;\"><strong>\u00e9cole de Lorry<\/strong><\/td>\r\n<td style=\"width: 17.156%; height: 24px;\"><strong>p\u00e9riode<\/strong><\/td>\r\n<td style=\"width: 32.3678%; height: 24px;\"><strong>\u00e9cole de Mardigny<\/strong><\/td>\r\n<td style=\"width: 13.0159%; height: 24px;\"><strong>p\u00e9riode<\/strong><\/td>\r\n<\/tr>\r\n<tr style=\"height: 24px;\">\r\n<td style=\"width: 35.5556%; height: 24px;\">Ma\u00eetre Michel<\/td>\r\n<td style=\"width: 17.156%; height: 24px;\">1604<\/td>\r\n<td style=\"width: 32.3678%; height: 24px;\">\u00a0<\/td>\r\n<td style=\"width: 13.0159%; height: 24px;\">\u00a0<\/td>\r\n<\/tr>\r\n<tr style=\"height: 24px;\">\r\n<td style=\"width: 35.5556%; height: 24px;\">Mathieu Huart<\/td>\r\n<td style=\"width: 17.156%; height: 24px;\">1624<\/td>\r\n<td style=\"width: 32.3678%; height: 24px;\">\u00a0<\/td>\r\n<td style=\"width: 13.0159%; height: 24px;\">\u00a0<\/td>\r\n<\/tr>\r\n<tr style=\"height: 24px;\">\r\n<td style=\"width: 35.5556%; height: 24px;\">Jean Denys<\/td>\r\n<td style=\"width: 17.156%; height: 24px;\">1655-1657<\/td>\r\n<td style=\"width: 32.3678%; height: 24px;\">\u00a0<\/td>\r\n<td style=\"width: 13.0159%; height: 24px;\">\u00a0<\/td>\r\n<\/tr>\r\n<tr style=\"height: 24px;\">\r\n<td style=\"width: 35.5556%; height: 24px;\">Isaac Roget<\/td>\r\n<td style=\"width: 17.156%; height: 24px;\">1658<\/td>\r\n<td style=\"width: 32.3678%; height: 24px;\">\u00a0<\/td>\r\n<td style=\"width: 13.0159%; height: 24px;\">\u00a0<\/td>\r\n<\/tr>\r\n<tr style=\"height: 24px;\">\r\n<td style=\"width: 35.5556%; height: 24px;\">Jean Lombard<\/td>\r\n<td style=\"width: 17.156%; height: 24px;\">1661-1663<\/td>\r\n<td style=\"width: 32.3678%; height: 24px;\">\u00a0<\/td>\r\n<td style=\"width: 13.0159%; height: 24px;\">\u00a0<\/td>\r\n<\/tr>\r\n<tr style=\"height: 24px;\">\r\n<td style=\"width: 35.5556%; height: 24px;\">Pierre Richard<\/td>\r\n<td style=\"width: 17.156%; height: 24px;\">1666<\/td>\r\n<td style=\"width: 32.3678%; height: 24px;\">\u00a0<\/td>\r\n<td style=\"width: 13.0159%; height: 24px;\">\u00a0<\/td>\r\n<\/tr>\r\n<tr style=\"height: 24px;\">\r\n<td style=\"width: 35.5556%; height: 24px;\">Charles B\u00e9nard<\/td>\r\n<td style=\"width: 17.156%; height: 24px;\">1668<\/td>\r\n<td style=\"width: 32.3678%; height: 24px;\">\u00a0<\/td>\r\n<td style=\"width: 13.0159%; height: 24px;\">\u00a0<\/td>\r\n<\/tr>\r\n<tr style=\"height: 24px;\">\r\n<td style=\"width: 35.5556%; height: 24px;\">Nicolas G\u00e9rardin<\/td>\r\n<td style=\"width: 17.156%; height: 24px;\">1677-1685<\/td>\r\n<td style=\"width: 32.3678%; height: 24px;\">\u00a0<\/td>\r\n<td style=\"width: 13.0159%; height: 24px;\">\u00a0<\/td>\r\n<\/tr>\r\n<tr style=\"height: 24px;\">\r\n<td style=\"width: 35.5556%; height: 24px;\">Louis Panon<\/td>\r\n<td style=\"width: 17.156%; height: 24px;\">1688-1689<\/td>\r\n<td style=\"width: 32.3678%; height: 24px;\">\u00a0<\/td>\r\n<td style=\"width: 13.0159%; height: 24px;\">\u00a0<\/td>\r\n<\/tr>\r\n<tr style=\"height: 24px;\">\r\n<td style=\"width: 35.5556%; height: 24px;\">Jean Soully<\/td>\r\n<td style=\"width: 17.156%; height: 24px;\">1690-1711<\/td>\r\n<td style=\"width: 32.3678%; height: 24px;\">Charles Baudinet<\/td>\r\n<td style=\"width: 13.0159%; height: 24px;\">1701<\/td>\r\n<\/tr>\r\n<tr style=\"height: 24px;\">\r\n<td style=\"width: 35.5556%; height: 24px;\">\u00a0<\/td>\r\n<td style=\"width: 17.156%; height: 24px;\">\u00a0<\/td>\r\n<td style=\"width: 32.3678%; height: 24px;\">Fran\u00e7ois Mangenot<\/td>\r\n<td style=\"width: 13.0159%; height: 24px;\">1707<\/td>\r\n<\/tr>\r\n<tr style=\"height: 24px;\">\r\n<td style=\"width: 35.5556%; height: 24px;\">Pierre Delacour<\/td>\r\n<td style=\"width: 17.156%; height: 24px;\">1713-1733<\/td>\r\n<td style=\"width: 32.3678%; height: 24px;\">Joseph La Harotte<\/td>\r\n<td style=\"width: 13.0159%; height: 24px;\">1717-1722<\/td>\r\n<\/tr>\r\n<tr style=\"height: 24px;\">\r\n<td style=\"width: 35.5556%; height: 24px;\">\u00a0<\/td>\r\n<td style=\"width: 17.156%; height: 24px;\">\u00a0<\/td>\r\n<td style=\"width: 32.3678%; height: 24px;\">Claude G\u00e9not<\/td>\r\n<td style=\"width: 13.0159%; height: 24px;\">1723-1726<\/td>\r\n<\/tr>\r\n<tr style=\"height: 24px;\">\r\n<td style=\"width: 35.5556%; height: 24px;\">\u00a0<\/td>\r\n<td style=\"width: 17.156%; height: 24px;\">\u00a0<\/td>\r\n<td style=\"width: 32.3678%; height: 24px;\">Fran\u00e7ois de La Haye<\/td>\r\n<td style=\"width: 13.0159%; height: 24px;\">1734<\/td>\r\n<\/tr>\r\n<tr style=\"height: 24px;\">\r\n<td style=\"width: 35.5556%; height: 24px;\">Jean Lallemand<\/td>\r\n<td style=\"width: 17.156%; height: 24px;\">1739-1741<\/td>\r\n<td style=\"width: 32.3678%; height: 24px;\">\u00a0<\/td>\r\n<td style=\"width: 13.0159%; height: 24px;\">\u00a0<\/td>\r\n<\/tr>\r\n<tr style=\"height: 24px;\">\r\n<td style=\"width: 35.5556%; height: 24px;\">Georges de Glatigny<\/td>\r\n<td style=\"width: 17.156%; height: 24px;\">1740-1747<\/td>\r\n<td style=\"width: 32.3678%; height: 24px;\">Jacques Charles Rimbeau<\/td>\r\n<td style=\"width: 13.0159%; height: 24px;\">1740<\/td>\r\n<\/tr>\r\n<tr style=\"height: 24px;\">\r\n<td style=\"width: 35.5556%; height: 24px;\">Laurent Maucourt<\/td>\r\n<td style=\"width: 17.156%; height: 24px;\">1748-1788<\/td>\r\n<td style=\"width: 32.3678%; height: 24px;\">Simon Mornet<\/td>\r\n<td style=\"width: 13.0159%; height: 24px;\">1742-1751<\/td>\r\n<\/tr>\r\n<tr style=\"height: 24px;\">\r\n<td style=\"width: 35.5556%; height: 24px;\">\u00a0<\/td>\r\n<td style=\"width: 17.156%; height: 24px;\">\u00a0<\/td>\r\n<td style=\"width: 32.3678%; height: 24px;\">Nicolas Carreaux<\/td>\r\n<td style=\"width: 13.0159%; height: 24px;\">1751-1752<\/td>\r\n<\/tr>\r\n<tr style=\"height: 24px;\">\r\n<td style=\"width: 35.5556%; height: 24px;\">\u00a0<\/td>\r\n<td style=\"width: 17.156%; height: 24px;\">\u00a0<\/td>\r\n<td style=\"width: 32.3678%; height: 24px;\">Jean Gaignerez<\/td>\r\n<td style=\"width: 13.0159%; height: 24px;\">1755-1758<\/td>\r\n<\/tr>\r\n<tr style=\"height: 24px;\">\r\n<td style=\"width: 35.5556%; height: 24px;\">\u00a0<\/td>\r\n<td style=\"width: 17.156%; height: 24px;\">\u00a0<\/td>\r\n<td style=\"width: 32.3678%; height: 24px;\">Joseph Wautrin<\/td>\r\n<td style=\"width: 13.0159%; height: 24px;\">1771-1782<\/td>\r\n<\/tr>\r\n<tr style=\"height: 24px;\">\r\n<td style=\"width: 35.5556%; height: 24px;\">Mathias Carau<\/td>\r\n<td style=\"width: 17.156%; height: 24px;\">1789-1790<\/td>\r\n<td style=\"width: 32.3678%; height: 24px;\">\u00a0<\/td>\r\n<td style=\"width: 13.0159%; height: 24px;\">\u00a0<\/td>\r\n<\/tr>\r\n<tr style=\"height: 24px;\">\r\n<td style=\"width: 35.5556%; height: 24px;\">Pierre Laugustin<\/td>\r\n<td style=\"width: 17.156%; height: 24px;\">1794<\/td>\r\n<td style=\"width: 32.3678%; height: 24px;\">Claude Jacquemot<\/td>\r\n<td style=\"width: 13.0159%; height: 24px;\">1794<\/td>\r\n<\/tr>\r\n<tr style=\"height: 24px;\">\r\n<td style=\"width: 35.5556%; height: 24px;\">Caplain 1798<\/td>\r\n<td style=\"width: 17.156%; height: 24px;\">\u00a0<\/td>\r\n<td style=\"width: 32.3678%; height: 24px;\">\u00a0<\/td>\r\n<td style=\"width: 13.0159%; height: 24px;\">\u00a0<\/td>\r\n<\/tr>\r\n<tr style=\"height: 24px;\">\r\n<td style=\"width: 35.5556%; height: 24px;\">Jean-Pierre Langard<\/td>\r\n<td style=\"width: 17.156%; height: 24px;\">1811<\/td>\r\n<td style=\"width: 32.3678%; height: 24px;\">Nicolas Noir\u00e9<\/td>\r\n<td style=\"width: 13.0159%; height: 24px;\">1808-1822<\/td>\r\n<\/tr>\r\n<tr style=\"height: 24px;\">\r\n<td style=\"width: 35.5556%; height: 24px;\">Martin Didier Noir\u00e9<\/td>\r\n<td style=\"width: 17.156%; height: 24px;\">1814<\/td>\r\n<td style=\"width: 32.3678%; height: 24px;\">\u00a0<\/td>\r\n<td style=\"width: 13.0159%; height: 24px;\">\u00a0<\/td>\r\n<\/tr>\r\n<tr style=\"height: 24px;\">\r\n<td style=\"width: 35.5556%; height: 24px;\">Fran\u00e7ois Drouot<\/td>\r\n<td style=\"width: 17.156%; height: 24px;\">1831<\/td>\r\n<td style=\"width: 32.3678%; height: 24px;\">Nicolas Pouilleux<\/td>\r\n<td style=\"width: 13.0159%; height: 24px;\">1829<\/td>\r\n<\/tr>\r\n<tr style=\"height: 48px;\">\r\n<td style=\"width: 35.5556%; height: 48px;\">Mathias Toussaint Louis Carau<\/td>\r\n<td style=\"width: 17.156%; height: 48px;\">1832<\/td>\r\n<td style=\"width: 32.3678%; height: 48px;\">\u00a0<\/td>\r\n<td style=\"width: 13.0159%; height: 48px;\">\u00a0<\/td>\r\n<\/tr>\r\n<tr style=\"height: 24px;\">\r\n<td style=\"width: 35.5556%; height: 24px;\">Jean-Pierre Collin<\/td>\r\n<td style=\"width: 17.156%; height: 24px;\">1833<\/td>\r\n<td style=\"width: 32.3678%; height: 24px;\">Jean-Pierre Laugustin<\/td>\r\n<td style=\"width: 13.0159%; height: 24px;\">1834<\/td>\r\n<\/tr>\r\n<tr style=\"height: 24px;\">\r\n<td style=\"width: 35.5556%; height: 24px;\">Louis-Joseph Cuisinier<\/td>\r\n<td style=\"width: 17.156%; height: 24px;\">1845<\/td>\r\n<td style=\"width: 32.3678%; height: 24px;\">Jean Rouyer<\/td>\r\n<td style=\"width: 13.0159%; height: 24px;\">1843<\/td>\r\n<\/tr>\r\n<tr style=\"height: 24px;\">\r\n<td style=\"width: 35.5556%; height: 24px;\">Dominique Gouget<\/td>\r\n<td style=\"width: 17.156%; height: 24px;\">1852<\/td>\r\n<td style=\"width: 32.3678%; height: 24px;\">Jean Fran\u00e7ois Mornet<\/td>\r\n<td style=\"width: 13.0159%; height: 24px;\">1864<\/td>\r\n<\/tr>\r\n<tr style=\"height: 24px;\">\r\n<td style=\"width: 35.5556%; height: 24px;\"><strong>d\u00e9but p\u00e9riode<\/strong><\/td>\r\n<td style=\"width: 17.156%; height: 24px;\">\u00a0<\/td>\r\n<td style=\"width: 32.3678%; height: 24px;\"><strong>annexion allemande <\/strong><\/td>\r\n<td style=\"width: 13.0159%; height: 24px;\">\u00a0<\/td>\r\n<\/tr>\r\n<tr style=\"height: 24px;\">\r\n<td style=\"width: 35.5556%; height: 24px;\">Jean-Georges Iffli<\/td>\r\n<td style=\"width: 17.156%; height: 24px;\">1891<\/td>\r\n<td style=\"width: 32.3678%; height: 24px;\">\u00a0<\/td>\r\n<td style=\"width: 13.0159%; height: 24px;\">\u00a0<\/td>\r\n<\/tr>\r\n<tr style=\"height: 24px;\">\r\n<td style=\"width: 35.5556%; height: 24px;\">Alphonse Nosal<\/td>\r\n<td style=\"width: 17.156%; height: 24px;\">04-1895 &#8211; 1901<\/td>\r\n<td style=\"width: 32.3678%; height: 24px;\">Jean-Pierre Frache<\/td>\r\n<td style=\"width: 13.0159%; height: 24px;\">1895<\/td>\r\n<\/tr>\r\n<tr style=\"height: 24px;\">\r\n<td style=\"width: 35.5556%; height: 24px;\">Camille Martin<\/td>\r\n<td style=\"width: 17.156%; height: 24px;\">04-1901 &#8211; 1902<\/td>\r\n<td style=\"width: 32.3678%; height: 24px;\">\u00a0<\/td>\r\n<td style=\"width: 13.0159%; height: 24px;\">\u00a0<\/td>\r\n<\/tr>\r\n<tr style=\"height: 24px;\">\r\n<td style=\"width: 35.5556%; height: 24px;\">Bolzinger<\/td>\r\n<td style=\"width: 17.156%; height: 24px;\">1902<\/td>\r\n<td style=\"width: 32.3678%; height: 24px;\">\u00a0<\/td>\r\n<td style=\"width: 13.0159%; height: 24px;\">\u00a0<\/td>\r\n<\/tr>\r\n<tr style=\"height: 24px;\">\r\n<td style=\"width: 35.5556%; height: 24px;\">Justin Schaeffer<\/td>\r\n<td style=\"width: 17.156%; height: 24px;\">09-1902 &#8211; 1910<\/td>\r\n<td style=\"width: 32.3678%; height: 24px;\">\u00a0<\/td>\r\n<td style=\"width: 13.0159%; height: 24px;\">\u00a0<\/td>\r\n<\/tr>\r\n<tr style=\"height: 24px;\">\r\n<td style=\"width: 35.5556%; height: 24px;\">Jacot<\/td>\r\n<td style=\"width: 17.156%; height: 24px;\">1907<\/td>\r\n<td style=\"width: 32.3678%; height: 24px;\">\u00a0<\/td>\r\n<td style=\"width: 13.0159%; height: 24px;\">\u00a0<\/td>\r\n<\/tr>\r\n<tr style=\"height: 24px;\">\r\n<td style=\"width: 35.5556%; height: 24px;\">Emile Sidot<\/td>\r\n<td style=\"width: 17.156%; height: 24px;\">04-1910 &#8211; 1912<\/td>\r\n<td style=\"width: 32.3678%; height: 24px;\">\u00a0<\/td>\r\n<td style=\"width: 13.0159%; height: 24px;\">\u00a0<\/td>\r\n<\/tr>\r\n<tr style=\"height: 24px;\">\r\n<td style=\"width: 35.5556%; height: 24px;\">Julien Chiltz<\/td>\r\n<td style=\"width: 17.156%; height: 24px;\">1916<\/td>\r\n<td style=\"width: 32.3678%; height: 24px;\">\u00a0<\/td>\r\n<td style=\"width: 13.0159%; height: 24px;\">\u00a0<\/td>\r\n<\/tr>\r\n<tr style=\"height: 24px;\">\r\n<td style=\"width: 35.5556%; height: 24px;\"><strong>Retour \u00e0 la France <\/strong><\/td>\r\n<td style=\"width: 17.156%; height: 24px;\">\u00a0<\/td>\r\n<td style=\"width: 32.3678%; height: 24px;\">\u00a0<\/td>\r\n<td style=\"width: 13.0159%; height: 24px;\">\u00a0<\/td>\r\n<\/tr>\r\n<tr style=\"height: 24px;\">\r\n<td style=\"width: 35.5556%; height: 24px;\">Julien Chiltz (gar\u00e7ons)<\/td>\r\n<td style=\"width: 17.156%; height: 24px;\">01\/02\/1919<\/td>\r\n<td style=\"width: 32.3678%; height: 24px;\">\u00a0<\/td>\r\n<td style=\"width: 13.0159%; height: 24px;\">\u00a0<\/td>\r\n<\/tr>\r\n<tr style=\"height: 24px;\">\r\n<td style=\"width: 35.5556%; height: 24px;\">Etienne Gobert (gar\u00e7ons)<\/td>\r\n<td style=\"width: 17.156%; height: 24px;\">01\/10\/1919<\/td>\r\n<td style=\"width: 32.3678%; height: 24px;\">\u00a0<\/td>\r\n<td style=\"width: 13.0159%; height: 24px;\">\u00a0<\/td>\r\n<\/tr>\r\n<tr style=\"height: 48px;\">\r\n<td style=\"width: 35.5556%; height: 48px;\">s\u0153ur Elisabeth Ansoul (filles)<\/td>\r\n<td style=\"width: 17.156%; height: 48px;\">01\/10\/1919 prov.<\/td>\r\n<td style=\"width: 32.3678%; height: 48px;\">\u00a0<\/td>\r\n<td style=\"width: 13.0159%; height: 48px;\">\u00a0<\/td>\r\n<\/tr>\r\n<tr style=\"height: 24px;\">\r\n<td style=\"width: 35.5556%; height: 24px;\">s\u0153ur Julie Kempenich (filles)<\/td>\r\n<td style=\"width: 17.156%; height: 24px;\">01\/10\/1919<\/td>\r\n<td style=\"width: 32.3678%; height: 24px;\">\u00a0<\/td>\r\n<td style=\"width: 13.0159%; height: 24px;\">\u00a0<\/td>\r\n<\/tr>\r\n<tr>\r\n<td style=\"width: 35.5556%;\">Hennequin \u00e9l\u00e8ve-ma\u00eetre (gar\u00e7ons)<\/td>\r\n<td style=\"width: 17.156%;\">01\/10\/1924<\/td>\r\n<td style=\"width: 32.3678%;\">\u00a0<\/td>\r\n<td style=\"width: 13.0159%;\">\u00a0<\/td>\r\n<\/tr>\r\n<tr style=\"height: 24px;\">\r\n<td style=\"width: 35.5556%; height: 24px;\">Cuny suppl\u00e9ant (gar\u00e7ons)<\/td>\r\n<td style=\"width: 17.156%; height: 24px;\">01\/10\/1924<\/td>\r\n<td style=\"width: 32.3678%; height: 24px;\">\u00a0<\/td>\r\n<td style=\"width: 13.0159%; height: 24px;\">\u00a0<\/td>\r\n<\/tr>\r\n<tr style=\"height: 24px;\">\r\n<td style=\"width: 35.5556%; height: 24px;\">Eug\u00e8ne Offroy (gar\u00e7ons)<\/td>\r\n<td style=\"width: 17.156%; height: 24px;\">1925-1936<\/td>\r\n<td style=\"width: 32.3678%; height: 24px;\">\u00a0<\/td>\r\n<td style=\"width: 13.0159%; height: 24px;\">\u00a0<\/td>\r\n<\/tr>\r\n<tr style=\"height: 24px;\">\r\n<td style=\"width: 35.5556%; height: 24px;\">s\u0153ur Marie Harter (filles)<\/td>\r\n<td style=\"width: 17.156%; height: 24px;\">1926<\/td>\r\n<td style=\"width: 32.3678%; height: 24px;\">\u00a0<\/td>\r\n<td style=\"width: 13.0159%; height: 24px;\">\u00a0<\/td>\r\n<\/tr>\r\n<tr style=\"height: 24px;\">\r\n<td style=\"width: 35.5556%; height: 24px;\">Marise Clinquart (filles)<\/td>\r\n<td style=\"width: 17.156%; height: 24px;\">1930-1940<\/td>\r\n<td style=\"width: 32.3678%; height: 24px;\">\u00a0<\/td>\r\n<td style=\"width: 13.0159%; height: 24px;\">\u00a0<\/td>\r\n<\/tr>\r\n<tr style=\"height: 24px;\">\r\n<td style=\"width: 35.5556%; height: 24px;\">Georges Kiffeurt (gar\u00e7ons)<\/td>\r\n<td style=\"width: 17.156%; height: 24px;\">1936-1840<\/td>\r\n<td style=\"width: 32.3678%; height: 24px;\">\u00a0<\/td>\r\n<td style=\"width: 13.0159%; height: 24px;\">\u00a0<\/td>\r\n<\/tr>\r\n<tr style=\"height: 48px;\">\r\n<td style=\"width: 35.5556%; height: 48px;\"><strong>2de Guerre mondiale<\/strong><\/td>\r\n<td style=\"width: 17.156%; height: 48px;\"><strong>villages<\/strong> <br \/><strong>expuls\u00e9s<\/strong><\/td>\r\n<td style=\"width: 32.3678%; height: 48px;\"><strong>dans le Sud de la <\/strong> <br \/><strong>France<\/strong><\/td>\r\n<td style=\"width: 13.0159%; height: 48px;\">\u00a0<\/td>\r\n<\/tr>\r\n<tr style=\"height: 24px;\">\r\n<td style=\"width: 35.5556%; height: 24px;\">Georges Kiffeurt (gar\u00e7ons)<\/td>\r\n<td style=\"width: 17.156%; height: 24px;\">1945-1948<\/td>\r\n<td style=\"width: 32.3678%; height: 24px;\">Mlle Gu\u00e9ringer<\/td>\r\n<td style=\"width: 13.0159%; height: 24px;\">1946<\/td>\r\n<\/tr>\r\n<tr style=\"height: 24px;\">\r\n<td style=\"width: 35.5556%; height: 24px;\">Ren\u00e9e Mourot \u00e9p. Stoll (filles)<\/td>\r\n<td style=\"width: 17.156%; height: 24px;\">1945-1948<\/td>\r\n<td style=\"width: 32.3678%; height: 24px;\">Machinot<\/td>\r\n<td style=\"width: 13.0159%; height: 24px;\">1948<\/td>\r\n<\/tr>\r\n<tr style=\"height: 24px;\">\r\n<td style=\"width: 35.5556%; height: 24px;\">Georges Kiffeurt \u00e9c.mixte<\/td>\r\n<td style=\"width: 17.156%; height: 24px;\">1948-1960<\/td>\r\n<td style=\"width: 32.3678%; height: 24px;\">Brignier<\/td>\r\n<td style=\"width: 13.0159%; height: 24px;\">1951<\/td>\r\n<\/tr>\r\n<tr style=\"height: 24px;\">\r\n<td style=\"width: 35.5556%; height: 24px;\">\u00a0<\/td>\r\n<td style=\"width: 17.156%; height: 24px;\">\u00a0<\/td>\r\n<td style=\"width: 32.3678%; height: 24px;\">constr. nlle \u00e9cole<\/td>\r\n<td style=\"width: 13.0159%; height: 24px;\">1954<\/td>\r\n<\/tr>\r\n<tr style=\"height: 24px;\">\r\n<td style=\"width: 35.5556%; height: 24px;\">\u00a0<\/td>\r\n<td style=\"width: 17.156%; height: 24px;\">\u00a0<\/td>\r\n<td style=\"width: 32.3678%; height: 24px;\">Mlle Martin<\/td>\r\n<td style=\"width: 13.0159%; height: 24px;\">1958<\/td>\r\n<\/tr>\r\n<tr style=\"height: 24px;\">\r\n<td style=\"width: 35.5556%; height: 24px;\">Henri Pelourdeau<\/td>\r\n<td style=\"width: 17.156%; height: 24px;\">1960-1961<\/td>\r\n<td style=\"width: 32.3678%; height: 24px;\">Mme Pelourdeau<\/td>\r\n<td style=\"width: 13.0159%; height: 24px;\">1960-1961<\/td>\r\n<\/tr>\r\n<tr style=\"height: 24px;\">\r\n<td style=\"width: 35.5556%; height: 24px;\">Annie Jaume<\/td>\r\n<td style=\"width: 17.156%; height: 24px;\">1961-1962<\/td>\r\n<td style=\"width: 32.3678%; height: 24px;\">\u00a0<\/td>\r\n<td style=\"width: 13.0159%; height: 24px;\">\u00a0<\/td>\r\n<\/tr>\r\n<tr style=\"height: 24px;\">\r\n<td style=\"width: 35.5556%; height: 24px;\">Claude Felly \u00e9c.mixte<\/td>\r\n<td style=\"width: 17.156%; height: 24px;\">1962-1969<\/td>\r\n<td style=\"width: 32.3678%; height: 24px;\">Monique Felly \u00e9c.mixte<\/td>\r\n<td style=\"width: 13.0159%; height: 24px;\">1962-1969<\/td>\r\n<\/tr>\r\n<tr style=\"height: 24px;\">\r\n<td style=\"width: 35.5556%; height: 24px;\">Claude Felly CE2-CM2<\/td>\r\n<td style=\"width: 17.156%; height: 24px;\">1969-1974<\/td>\r\n<td style=\"width: 32.3678%; height: 24px;\">Monique Felly sect.enf.-CE1<\/td>\r\n<td style=\"width: 13.0159%; height: 24px;\">1969-1974<\/td>\r\n<\/tr>\r\n<tr style=\"height: 48px;\">\r\n<td style=\"width: 35.5556%; height: 48px;\"><strong>cr\u00e9ation SIVOM des C\u00f4tes<\/strong><\/td>\r\n<td style=\"width: 17.156%; height: 48px;\"><strong>1974<\/strong><\/td>\r\n<td style=\"width: 32.3678%; height: 48px;\"><strong>regroupement p\u00e9dagogique<\/strong><\/td>\r\n<td style=\"width: 13.0159%; height: 48px;\">\u00a0<\/td>\r\n<\/tr>\r\n<tr style=\"height: 24px;\">\r\n<td style=\"width: 35.5556%; height: 24px;\">Claude Felly CM1<\/td>\r\n<td style=\"width: 17.156%; height: 24px;\">1974-1991<\/td>\r\n<td style=\"width: 32.3678%; height: 24px;\">Monique Felly CP<\/td>\r\n<td style=\"width: 13.0159%; height: 24px;\">1974-1988<\/td>\r\n<\/tr>\r\n<tr style=\"height: 24px;\">\r\n<td style=\"width: 35.5556%; height: 24px;\">Jocelyne Giroux CM1<\/td>\r\n<td style=\"width: 17.156%; height: 24px;\">1991-2005<\/td>\r\n<td style=\"width: 32.3678%; height: 24px;\">Etienne Bordreuil CP<\/td>\r\n<td style=\"width: 13.0159%; height: 24px;\">1988-2005<\/td>\r\n<\/tr>\r\n<tr style=\"height: 24px;\">\r\n<td style=\"width: 35.5556%; height: 24px;\">Etienne Bordreuil CM1<\/td>\r\n<td style=\"width: 17.156%; height: 24px;\">2005-2012<\/td>\r\n<td style=\"width: 32.3678%; height: 24px;\">Julia Vigneulle CP<\/td>\r\n<td style=\"width: 13.0159%; height: 24px;\">2005-2012<\/td>\r\n<\/tr>\r\n<\/tbody>\r\n<\/table>\r\n\r\n\r\n\r\n<p>&nbsp;<\/p>\r\n<p>&nbsp;<\/p>\r\n<p>&nbsp;<\/p>\r\n<p class=\"has-small-font-size\"><em>Remarques : listes \u00e9tablies \u00e0 partir du relev\u00e9 des actes des registres paroissiaux ou <\/em> <br \/><em>d&rsquo;\u00e9tat-civil, merci \u00e0 Jacques Carbonnet pour les noms du 19e si\u00e8cle. L&rsquo;absence de nom pour une p\u00e9riode donn\u00e9e ne signifie pas absence d&rsquo;\u00e9cole ou de ma\u00eetre mais seulement absence d&rsquo;information dans les documents consult\u00e9s jusqu&rsquo;\u00e0 ce jour.<\/em><\/p>\r\n\r\n\r\n\r\n<p>De 1974 \u00e0 2012, les \u00e9coles du SIVOM des C\u00f4tes (Lorry-Mardigny, Marieulles-Vezon, F\u00e9y) faisaient l&rsquo;objet d&rsquo;un regroupement p\u00e9dagogique avec transport scolaire : classes maternelles \u00e0 Vezon, CP \u00e0 Mardigny, CE1 et CE2 \u00e0 F\u00e9y, CM1 \u00e0 Lorry, CM2 \u00e0 Marieulles.<\/p>\r\n\r\n\r\n\r\n<p>Depuis la rentr\u00e9e de septembre 2012, toutes les classes du SIVOM des C\u00f4tes (rejoint par Arry) sont regroup\u00e9es dans le nouveau groupe scolaire Terre en Vigne \u00e0 Vezon.<\/p>\r\n\r\n\r\n\r\n<ul class=\"wp-block-gallery columns-3 is-cropped wp-block-gallery-1 is-layout-flex wp-block-gallery-is-layout-flex\">\r\n<li class=\"blocks-gallery-item\">\r\n<figure><a href=\"http:\/\/www.lorry-mardigny-patrimoine.fr\/histoire\/wp-content\/uploads\/ecole_Mardigny2012-09_3.jpg\"><img loading=\"lazy\" decoding=\"async\" width=\"1000\" height=\"669\" class=\"wp-image-786\" src=\"http:\/\/www.lorry-mardigny-patrimoine.fr\/histoire\/wp-content\/uploads\/ecole_Mardigny2012-09_3.jpg\" alt=\"\" data-id=\"786\" data-link=\"http:\/\/www.lorry-mardigny-patrimoine.fr\/histoire\/regents-decole-et-instituteurs-de-lorry-mardigny\/ecole_mardigny2012-09_3\/\" srcset=\"https:\/\/www.lorry-mardigny-patrimoine.fr\/histoire\/wp-content\/uploads\/ecole_Mardigny2012-09_3.jpg 1000w, https:\/\/www.lorry-mardigny-patrimoine.fr\/histoire\/wp-content\/uploads\/ecole_Mardigny2012-09_3-300x201.jpg 300w, https:\/\/www.lorry-mardigny-patrimoine.fr\/histoire\/wp-content\/uploads\/ecole_Mardigny2012-09_3-768x514.jpg 768w\" sizes=\"auto, (max-width: 1000px) 100vw, 1000px\" \/><\/a>\r\n<figcaption>\u00e9cole de Mardigny 1954-2012<\/figcaption>\r\n<\/figure>\r\n<\/li>\r\n<li class=\"blocks-gallery-item\">\r\n<figure><a href=\"http:\/\/www.lorry-mardigny-patrimoine.fr\/histoire\/wp-content\/uploads\/ecole_Mardigny2012-09_2.jpg\"><img loading=\"lazy\" decoding=\"async\" width=\"1000\" height=\"669\" class=\"wp-image-785\" src=\"http:\/\/www.lorry-mardigny-patrimoine.fr\/histoire\/wp-content\/uploads\/ecole_Mardigny2012-09_2.jpg\" alt=\"\" data-id=\"785\" data-link=\"http:\/\/www.lorry-mardigny-patrimoine.fr\/histoire\/regents-decole-et-instituteurs-de-lorry-mardigny\/ecole_mardigny2012-09_2\/\" srcset=\"https:\/\/www.lorry-mardigny-patrimoine.fr\/histoire\/wp-content\/uploads\/ecole_Mardigny2012-09_2.jpg 1000w, https:\/\/www.lorry-mardigny-patrimoine.fr\/histoire\/wp-content\/uploads\/ecole_Mardigny2012-09_2-300x201.jpg 300w, https:\/\/www.lorry-mardigny-patrimoine.fr\/histoire\/wp-content\/uploads\/ecole_Mardigny2012-09_2-768x514.jpg 768w\" sizes=\"auto, (max-width: 1000px) 100vw, 1000px\" \/><\/a>\r\n<figcaption>\u00e9cole de Mardigny 1954-2012<\/figcaption>\r\n<\/figure>\r\n<\/li>\r\n<li class=\"blocks-gallery-item\">\r\n<figure><a href=\"http:\/\/www.lorry-mardigny-patrimoine.fr\/histoire\/wp-content\/uploads\/ecole_Mardigny2012-09_1.jpg\"><img loading=\"lazy\" decoding=\"async\" width=\"1000\" height=\"669\" class=\"wp-image-784\" src=\"http:\/\/www.lorry-mardigny-patrimoine.fr\/histoire\/wp-content\/uploads\/ecole_Mardigny2012-09_1.jpg\" alt=\"\" data-id=\"784\" data-link=\"http:\/\/www.lorry-mardigny-patrimoine.fr\/histoire\/regents-decole-et-instituteurs-de-lorry-mardigny\/ecole_mardigny2012-09_1\/\" srcset=\"https:\/\/www.lorry-mardigny-patrimoine.fr\/histoire\/wp-content\/uploads\/ecole_Mardigny2012-09_1.jpg 1000w, https:\/\/www.lorry-mardigny-patrimoine.fr\/histoire\/wp-content\/uploads\/ecole_Mardigny2012-09_1-300x201.jpg 300w, https:\/\/www.lorry-mardigny-patrimoine.fr\/histoire\/wp-content\/uploads\/ecole_Mardigny2012-09_1-768x514.jpg 768w\" sizes=\"auto, (max-width: 1000px) 100vw, 1000px\" \/><\/a>\r\n<figcaption>\u00e9cole de Mardigny 1954-2012<\/figcaption>\r\n<\/figure>\r\n<\/li>\r\n<li class=\"blocks-gallery-item\">\r\n<figure><a href=\"http:\/\/www.lorry-mardigny-patrimoine.fr\/histoire\/wp-content\/uploads\/ecole_Lorry2012-09.jpg\"><img loading=\"lazy\" decoding=\"async\" width=\"1000\" height=\"669\" class=\"wp-image-788\" src=\"http:\/\/www.lorry-mardigny-patrimoine.fr\/histoire\/wp-content\/uploads\/ecole_Lorry2012-09.jpg\" alt=\"\" data-id=\"788\" data-link=\"http:\/\/www.lorry-mardigny-patrimoine.fr\/histoire\/regents-decole-et-instituteurs-de-lorry-mardigny\/ecole_lorry2012-09\/\" srcset=\"https:\/\/www.lorry-mardigny-patrimoine.fr\/histoire\/wp-content\/uploads\/ecole_Lorry2012-09.jpg 1000w, https:\/\/www.lorry-mardigny-patrimoine.fr\/histoire\/wp-content\/uploads\/ecole_Lorry2012-09-300x201.jpg 300w, https:\/\/www.lorry-mardigny-patrimoine.fr\/histoire\/wp-content\/uploads\/ecole_Lorry2012-09-768x514.jpg 768w\" sizes=\"auto, (max-width: 1000px) 100vw, 1000px\" \/><\/a>\r\n<figcaption>\u00e9cole de Lorry fin 19e s.-2012<\/figcaption>\r\n<\/figure>\r\n<\/li>\r\n<li class=\"blocks-gallery-item\">\r\n<figure><a href=\"http:\/\/www.lorry-mardigny-patrimoine.fr\/histoire\/wp-content\/uploads\/Lorry1965-66-1.jpg\"><img loading=\"lazy\" decoding=\"async\" width=\"1000\" height=\"662\" class=\"wp-image-789\" src=\"http:\/\/www.lorry-mardigny-patrimoine.fr\/histoire\/wp-content\/uploads\/Lorry1965-66-1.jpg\" alt=\"\" data-id=\"789\" data-link=\"http:\/\/www.lorry-mardigny-patrimoine.fr\/histoire\/regents-decole-et-instituteurs-de-lorry-mardigny\/lorry1965-66-1\/\" srcset=\"https:\/\/www.lorry-mardigny-patrimoine.fr\/histoire\/wp-content\/uploads\/Lorry1965-66-1.jpg 1000w, https:\/\/www.lorry-mardigny-patrimoine.fr\/histoire\/wp-content\/uploads\/Lorry1965-66-1-300x199.jpg 300w, https:\/\/www.lorry-mardigny-patrimoine.fr\/histoire\/wp-content\/uploads\/Lorry1965-66-1-768x508.jpg 768w\" sizes=\"auto, (max-width: 1000px) 100vw, 1000px\" \/><\/a>\r\n<figcaption>\u00e9cole de Lorry fin 19e s.-2012<\/figcaption>\r\n<\/figure>\r\n<\/li>\r\n<li class=\"blocks-gallery-item\">\r\n<figure><a href=\"http:\/\/www.lorry-mardigny-patrimoine.fr\/histoire\/wp-content\/uploads\/Vezon_Ensemble_educ_Terre_en_Vigne_DSC06888-1024x577.jpg\"><img loading=\"lazy\" decoding=\"async\" width=\"1024\" height=\"577\" class=\"wp-image-837\" src=\"http:\/\/www.lorry-mardigny-patrimoine.fr\/histoire\/wp-content\/uploads\/Vezon_Ensemble_educ_Terre_en_Vigne_DSC06888-1024x577.jpg\" alt=\"\" data-id=\"837\" data-link=\"http:\/\/www.lorry-mardigny-patrimoine.fr\/histoire\/regents-decole-et-instituteurs-de-lorry-mardigny\/vezon_ensemble_educ_terre_en_vigne_dsc06888\/\" srcset=\"https:\/\/www.lorry-mardigny-patrimoine.fr\/histoire\/wp-content\/uploads\/Vezon_Ensemble_educ_Terre_en_Vigne_DSC06888-1024x577.jpg 1024w, https:\/\/www.lorry-mardigny-patrimoine.fr\/histoire\/wp-content\/uploads\/Vezon_Ensemble_educ_Terre_en_Vigne_DSC06888-300x169.jpg 300w, https:\/\/www.lorry-mardigny-patrimoine.fr\/histoire\/wp-content\/uploads\/Vezon_Ensemble_educ_Terre_en_Vigne_DSC06888-768x433.jpg 768w, https:\/\/www.lorry-mardigny-patrimoine.fr\/histoire\/wp-content\/uploads\/Vezon_Ensemble_educ_Terre_en_Vigne_DSC06888.jpg 1200w\" sizes=\"auto, (max-width: 1024px) 100vw, 1024px\" \/><\/a>\r\n<figcaption>Vezon Ensemble \u00e9duc. Terre en Vigne depuis 2012<\/figcaption>\r\n<\/figure>\r\n<\/li>\r\n<li class=\"blocks-gallery-item\">\r\n<figure><a href=\"http:\/\/www.lorry-mardigny-patrimoine.fr\/histoire\/wp-content\/uploads\/Vezon_Ensemble_educ_Terre_en_Vigne_DSC06887-1024x673.jpg\"><img loading=\"lazy\" decoding=\"async\" width=\"1024\" height=\"673\" class=\"wp-image-836\" src=\"http:\/\/www.lorry-mardigny-patrimoine.fr\/histoire\/wp-content\/uploads\/Vezon_Ensemble_educ_Terre_en_Vigne_DSC06887-1024x673.jpg\" alt=\"\" data-id=\"836\" data-link=\"http:\/\/www.lorry-mardigny-patrimoine.fr\/histoire\/regents-decole-et-instituteurs-de-lorry-mardigny\/vezon_ensemble_educ_terre_en_vigne_dsc06887\/\" srcset=\"https:\/\/www.lorry-mardigny-patrimoine.fr\/histoire\/wp-content\/uploads\/Vezon_Ensemble_educ_Terre_en_Vigne_DSC06887-1024x673.jpg 1024w, https:\/\/www.lorry-mardigny-patrimoine.fr\/histoire\/wp-content\/uploads\/Vezon_Ensemble_educ_Terre_en_Vigne_DSC06887-300x197.jpg 300w, https:\/\/www.lorry-mardigny-patrimoine.fr\/histoire\/wp-content\/uploads\/Vezon_Ensemble_educ_Terre_en_Vigne_DSC06887-768x505.jpg 768w, https:\/\/www.lorry-mardigny-patrimoine.fr\/histoire\/wp-content\/uploads\/Vezon_Ensemble_educ_Terre_en_Vigne_DSC06887.jpg 1200w\" sizes=\"auto, (max-width: 1024px) 100vw, 1024px\" \/><\/a>\r\n<figcaption>Vezon Ensemble \u00e9duc. Terre en Vigne depuis 2012<\/figcaption>\r\n<\/figure>\r\n<\/li>\r\n<li class=\"blocks-gallery-item\">\r\n<figure><a href=\"http:\/\/www.lorry-mardigny-patrimoine.fr\/histoire\/wp-content\/uploads\/Vezon_Ensemble_educ_Terre_en_Vigne_DSC06886-1024x699.jpg\"><img loading=\"lazy\" decoding=\"async\" width=\"1024\" height=\"699\" class=\"wp-image-835\" src=\"http:\/\/www.lorry-mardigny-patrimoine.fr\/histoire\/wp-content\/uploads\/Vezon_Ensemble_educ_Terre_en_Vigne_DSC06886-1024x699.jpg\" alt=\"\" data-id=\"835\" data-link=\"http:\/\/www.lorry-mardigny-patrimoine.fr\/histoire\/regents-decole-et-instituteurs-de-lorry-mardigny\/vezon_ensemble_educ_terre_en_vigne_dsc06886\/\" srcset=\"https:\/\/www.lorry-mardigny-patrimoine.fr\/histoire\/wp-content\/uploads\/Vezon_Ensemble_educ_Terre_en_Vigne_DSC06886-1024x699.jpg 1024w, https:\/\/www.lorry-mardigny-patrimoine.fr\/histoire\/wp-content\/uploads\/Vezon_Ensemble_educ_Terre_en_Vigne_DSC06886-300x205.jpg 300w, https:\/\/www.lorry-mardigny-patrimoine.fr\/histoire\/wp-content\/uploads\/Vezon_Ensemble_educ_Terre_en_Vigne_DSC06886-768x524.jpg 768w, https:\/\/www.lorry-mardigny-patrimoine.fr\/histoire\/wp-content\/uploads\/Vezon_Ensemble_educ_Terre_en_Vigne_DSC06886-130x90.jpg 130w, https:\/\/www.lorry-mardigny-patrimoine.fr\/histoire\/wp-content\/uploads\/Vezon_Ensemble_educ_Terre_en_Vigne_DSC06886.jpg 1200w\" sizes=\"auto, (max-width: 1024px) 100vw, 1024px\" \/><\/a>\r\n<figcaption>Vezon Ensemble \u00e9duc. Terre en Vigne depuis 2012<\/figcaption>\r\n<\/figure>\r\n<\/li>\r\n<\/ul>\r\n","protected":false},"excerpt":{"rendered":"<p>Liste des r\u00e9gents d&rsquo;\u00e9cole, instituteurs et professeurs des \u00e9coles de Lorry et Mardigny \u00e9cole de Lorry p\u00e9riode \u00e9cole de Mardigny p\u00e9riode Ma\u00eetre Michel 1604 \u00a0 \u00a0 Mathieu Huart 1624 \u00a0 \u00a0 Jean Denys 1655-1657 \u00a0 \u00a0 Isaac Roget 1658 \u00a0 \u00a0 Jean Lombard 1661-1663 \u00a0 \u00a0 Pierre Richard 1666 \u00a0 \u00a0 Charles B\u00e9nard 1668 \u00a0 <a class=\"more-link\" href=\"https:\/\/www.lorry-mardigny-patrimoine.fr\/histoire\/regents-decole-et-instituteurs-de-lorry-mardigny\/\">Lire plus &#8230;<\/a><\/p>\n","protected":false},"author":1,"featured_media":0,"comment_status":"closed","ping_status":"closed","sticky":false,"template":"","format":"standard","meta":{"footnotes":""},"categories":[122],"tags":[121,120],"class_list":["post-781","post","type-post","status-publish","format-standard","hentry","category-ecole","tag-maitre-decole","tag-regent-decole"],"_links":{"self":[{"href":"https:\/\/www.lorry-mardigny-patrimoine.fr\/histoire\/wp-json\/wp\/v2\/posts\/781","targetHints":{"allow":["GET"]}}],"collection":[{"href":"https:\/\/www.lorry-mardigny-patrimoine.fr\/histoire\/wp-json\/wp\/v2\/posts"}],"about":[{"href":"https:\/\/www.lorry-mardigny-patrimoine.fr\/histoire\/wp-json\/wp\/v2\/types\/post"}],"author":[{"embeddable":true,"href":"https:\/\/www.lorry-mardigny-patrimoine.fr\/histoire\/wp-json\/wp\/v2\/users\/1"}],"replies":[{"embeddable":true,"href":"https:\/\/www.lorry-mardigny-patrimoine.fr\/histoire\/wp-json\/wp\/v2\/comments?post=781"}],"version-history":[{"count":0,"href":"https:\/\/www.lorry-mardigny-patrimoine.fr\/histoire\/wp-json\/wp\/v2\/posts\/781\/revisions"}],"wp:attachment":[{"href":"https:\/\/www.lorry-mardigny-patrimoine.fr\/histoire\/wp-json\/wp\/v2\/media?parent=781"}],"wp:term":[{"taxonomy":"category","embeddable":true,"href":"https:\/\/www.lorry-mardigny-patrimoine.fr\/histoire\/wp-json\/wp\/v2\/categories?post=781"},{"taxonomy":"post_tag","embeddable":true,"href":"https:\/\/www.lorry-mardigny-patrimoine.fr\/histoire\/wp-json\/wp\/v2\/tags?post=781"}],"curies":[{"name":"wp","href":"https:\/\/api.w.org\/{rel}","templated":true}]}}