{"id":990,"date":"2020-08-04T21:32:01","date_gmt":"2020-08-04T19:32:01","guid":{"rendered":"http:\/\/www.lorry-mardigny-patrimoine.fr\/histoire\/?p=990"},"modified":"2020-08-04T21:32:01","modified_gmt":"2020-08-04T19:32:01","slug":"pas-de-fete-patronale-sans-rene-thill","status":"publish","type":"post","link":"https:\/\/www.lorry-mardigny-patrimoine.fr\/histoire\/pas-de-fete-patronale-sans-rene-thill\/","title":{"rendered":"Pas de f\u00eate patronale sans Ren\u00e9 Thill"},"content":{"rendered":"<p><span style=\"font-size: 14pt;\">C&rsquo;\u00e9tait le temps des f\u00eates patronales autour du 10 ao\u00fbt pour Mardigny et du 14 septembre pour Lorry. Pour des g\u00e9n\u00e9rations d&rsquo;enfants de la commune, il s&rsquo;agissait de sortir vite de table, avec en poche les quelques francs donn\u00e9s par les parents, pour arriver sur la place devant la boutique \u00ab\u00a0du\u00a0\u00bb Ren\u00e9 Thill, ses friandises et petits jouets.<\/span><\/p>\n<p><span style=\"font-size: 14pt;\"><em>Le Lorrain<\/em>, 14\/02\/1926, Lim\u00e9dia Kiosque<\/span><\/p>\n<p><a href=\"http:\/\/www.lorry-mardigny-patrimoine.fr\/histoire\/wp-content\/uploads\/Le-Lorrain_1926-02-14_p5_Rene-Thill-confiseur.jpg\"><img loading=\"lazy\" decoding=\"async\" class=\"aligncenter size-large wp-image-991\" src=\"http:\/\/www.lorry-mardigny-patrimoine.fr\/histoire\/wp-content\/uploads\/Le-Lorrain_1926-02-14_p5_Rene-Thill-confiseur-1024x557.jpg\" alt=\"\" width=\"800\" height=\"435\" srcset=\"https:\/\/www.lorry-mardigny-patrimoine.fr\/histoire\/wp-content\/uploads\/Le-Lorrain_1926-02-14_p5_Rene-Thill-confiseur-1024x557.jpg 1024w, https:\/\/www.lorry-mardigny-patrimoine.fr\/histoire\/wp-content\/uploads\/Le-Lorrain_1926-02-14_p5_Rene-Thill-confiseur-300x163.jpg 300w, https:\/\/www.lorry-mardigny-patrimoine.fr\/histoire\/wp-content\/uploads\/Le-Lorrain_1926-02-14_p5_Rene-Thill-confiseur-768x417.jpg 768w, https:\/\/www.lorry-mardigny-patrimoine.fr\/histoire\/wp-content\/uploads\/Le-Lorrain_1926-02-14_p5_Rene-Thill-confiseur-1536x835.jpg 1536w, https:\/\/www.lorry-mardigny-patrimoine.fr\/histoire\/wp-content\/uploads\/Le-Lorrain_1926-02-14_p5_Rene-Thill-confiseur.jpg 1759w\" sizes=\"auto, (max-width: 800px) 100vw, 800px\" \/><\/a><\/p>\n","protected":false},"excerpt":{"rendered":"<p>C&rsquo;\u00e9tait le temps des f\u00eates patronales autour du 10 ao\u00fbt pour Mardigny et du 14 septembre pour Lorry. Pour des g\u00e9n\u00e9rations d&rsquo;enfants de la commune, il s&rsquo;agissait de sortir vite de table, avec en poche les quelques francs donn\u00e9s par les parents, pour arriver sur la place devant la boutique \u00ab\u00a0du\u00a0\u00bb Ren\u00e9 Thill, ses friandises <a class=\"more-link\" href=\"https:\/\/www.lorry-mardigny-patrimoine.fr\/histoire\/pas-de-fete-patronale-sans-rene-thill\/\">Lire plus &#8230;<\/a><\/p>\n","protected":false},"author":1,"featured_media":960,"comment_status":"open","ping_status":"closed","sticky":false,"template":"","format":"standard","meta":{"footnotes":""},"categories":[127,128],"tags":[133,135],"class_list":["post-990","post","type-post","status-publish","format-standard","has-post-thumbnail","hentry","category-1919-1940","category-en-attendant-lexpo","tag-commerces","tag-fetes-et-loisirs"],"_links":{"self":[{"href":"https:\/\/www.lorry-mardigny-patrimoine.fr\/histoire\/wp-json\/wp\/v2\/posts\/990","targetHints":{"allow":["GET"]}}],"collection":[{"href":"https:\/\/www.lorry-mardigny-patrimoine.fr\/histoire\/wp-json\/wp\/v2\/posts"}],"about":[{"href":"https:\/\/www.lorry-mardigny-patrimoine.fr\/histoire\/wp-json\/wp\/v2\/types\/post"}],"author":[{"embeddable":true,"href":"https:\/\/www.lorry-mardigny-patrimoine.fr\/histoire\/wp-json\/wp\/v2\/users\/1"}],"replies":[{"embeddable":true,"href":"https:\/\/www.lorry-mardigny-patrimoine.fr\/histoire\/wp-json\/wp\/v2\/comments?post=990"}],"version-history":[{"count":1,"href":"https:\/\/www.lorry-mardigny-patrimoine.fr\/histoire\/wp-json\/wp\/v2\/posts\/990\/revisions"}],"predecessor-version":[{"id":992,"href":"https:\/\/www.lorry-mardigny-patrimoine.fr\/histoire\/wp-json\/wp\/v2\/posts\/990\/revisions\/992"}],"wp:featuredmedia":[{"embeddable":true,"href":"https:\/\/www.lorry-mardigny-patrimoine.fr\/histoire\/wp-json\/wp\/v2\/media\/960"}],"wp:attachment":[{"href":"https:\/\/www.lorry-mardigny-patrimoine.fr\/histoire\/wp-json\/wp\/v2\/media?parent=990"}],"wp:term":[{"taxonomy":"category","embeddable":true,"href":"https:\/\/www.lorry-mardigny-patrimoine.fr\/histoire\/wp-json\/wp\/v2\/categories?post=990"},{"taxonomy":"post_tag","embeddable":true,"href":"https:\/\/www.lorry-mardigny-patrimoine.fr\/histoire\/wp-json\/wp\/v2\/tags?post=990"}],"curies":[{"name":"wp","href":"https:\/\/api.w.org\/{rel}","templated":true}]}}