{"id":1186,"date":"2023-10-21T10:48:54","date_gmt":"2023-10-21T09:48:54","guid":{"rendered":"https:\/\/www.lorry-mardigny-patrimoine.fr\/musique\/?p=1186"},"modified":"2025-10-03T11:06:31","modified_gmt":"2025-10-03T10:06:31","slug":"une-voix-un-orgue-17-septembre-2023","status":"publish","type":"post","link":"https:\/\/www.lorry-mardigny-patrimoine.fr\/musique\/une-voix-un-orgue-17-septembre-2023\/","title":{"rendered":"Une voix, un orgue &#8211; 17 septembre 2023"},"content":{"rendered":"<p><strong><span style=\"font-size: 18pt;\"><a href=\"https:\/\/www.lorry-mardigny-patrimoine.fr\/musique\/wp-content\/uploads\/2023-09-17_N_Simonnet_P_Etorre_Lorry-Mardigny.jpg\"><img loading=\"lazy\" decoding=\"async\" class=\"aligncenter wp-image-1187\" src=\"https:\/\/www.lorry-mardigny-patrimoine.fr\/musique\/wp-content\/uploads\/2023-09-17_N_Simonnet_P_Etorre_Lorry-Mardigny-1024x574.jpg\" alt=\"\" width=\"500\" height=\"280\" srcset=\"https:\/\/www.lorry-mardigny-patrimoine.fr\/musique\/wp-content\/uploads\/2023-09-17_N_Simonnet_P_Etorre_Lorry-Mardigny-1024x574.jpg 1024w, https:\/\/www.lorry-mardigny-patrimoine.fr\/musique\/wp-content\/uploads\/2023-09-17_N_Simonnet_P_Etorre_Lorry-Mardigny-400x224.jpg 400w, https:\/\/www.lorry-mardigny-patrimoine.fr\/musique\/wp-content\/uploads\/2023-09-17_N_Simonnet_P_Etorre_Lorry-Mardigny-768x430.jpg 768w, https:\/\/www.lorry-mardigny-patrimoine.fr\/musique\/wp-content\/uploads\/2023-09-17_N_Simonnet_P_Etorre_Lorry-Mardigny-1536x860.jpg 1536w, https:\/\/www.lorry-mardigny-patrimoine.fr\/musique\/wp-content\/uploads\/2023-09-17_N_Simonnet_P_Etorre_Lorry-Mardigny.jpg 1780w\" sizes=\"auto, (max-width: 500px) 100vw, 500px\" \/><\/a>Nastassia Simonnet et Pascal Etorre, une voix, un orgue<\/span><\/strong><\/p>\n<p>La Commission Patrimoine de l&rsquo;association de La C\u00f4te a souhait\u00e9 proposer aux visiteurs des Journ\u00e9es du Patrimoine de conclure cet apr\u00e8s-midi de d\u00e9couvertes avec un concert-ap\u00e9ritif. \u00ab\u00a0Une voix, un orgue\u00a0\u00bb, ce fut une heure de balade \u00e0 travers le patrimoine musical sacr\u00e9 du XVIII<sup>e<\/sup> au XX<sup>e<\/sup> si\u00e8cle. Nastassia Simonnet, soprano, et Pascal Etorre \u00e0 l\u2019orgue Link nous avaient compos\u00e9 un programme avec des incontournables, mais aussi quelques raret\u00e9s et autres surprises, un programme qui a charm\u00e9 le public.<\/p>\n<p style=\"text-align: center;\"><span style=\"font-size: 14pt;\"><strong>1_Programme<\/strong><\/span><\/p>\n<p style=\"text-align: center;\"><span style=\"font-size: 14pt;\"><strong>2_Extraits sonores et vid\u00e9os<\/strong><\/span><\/p>\n<p style=\"text-align: center;\"><span style=\"font-size: 14pt;\"><strong>3_Photos<\/strong><\/span><\/p>\n<p><span style=\"font-size: 18pt;\">1_Le programme :<\/span><\/p>\n<p><a href=\"https:\/\/www.lorry-mardigny-patrimoine.fr\/musique\/wp-content\/uploads\/Programme_2023-09-17_orgue-voix-page001.jpg\"><img loading=\"lazy\" decoding=\"async\" class=\"aligncenter size-large wp-image-1198\" src=\"https:\/\/www.lorry-mardigny-patrimoine.fr\/musique\/wp-content\/uploads\/Programme_2023-09-17_orgue-voix-page001-1024x724.jpg\" alt=\"\" width=\"800\" height=\"566\" srcset=\"https:\/\/www.lorry-mardigny-patrimoine.fr\/musique\/wp-content\/uploads\/Programme_2023-09-17_orgue-voix-page001-1024x724.jpg 1024w, https:\/\/www.lorry-mardigny-patrimoine.fr\/musique\/wp-content\/uploads\/Programme_2023-09-17_orgue-voix-page001-400x283.jpg 400w, https:\/\/www.lorry-mardigny-patrimoine.fr\/musique\/wp-content\/uploads\/Programme_2023-09-17_orgue-voix-page001-768x543.jpg 768w, https:\/\/www.lorry-mardigny-patrimoine.fr\/musique\/wp-content\/uploads\/Programme_2023-09-17_orgue-voix-page001-1536x1086.jpg 1536w, https:\/\/www.lorry-mardigny-patrimoine.fr\/musique\/wp-content\/uploads\/Programme_2023-09-17_orgue-voix-page001-2048x1448.jpg 2048w\" sizes=\"auto, (max-width: 800px) 100vw, 800px\" \/><\/a> <a href=\"https:\/\/www.lorry-mardigny-patrimoine.fr\/musique\/wp-content\/uploads\/Programme_2023-09-17_orgue-voix-page002.jpg\"><img loading=\"lazy\" decoding=\"async\" class=\"aligncenter size-large wp-image-1199\" src=\"https:\/\/www.lorry-mardigny-patrimoine.fr\/musique\/wp-content\/uploads\/Programme_2023-09-17_orgue-voix-page002-1024x724.jpg\" alt=\"\" width=\"800\" height=\"566\" srcset=\"https:\/\/www.lorry-mardigny-patrimoine.fr\/musique\/wp-content\/uploads\/Programme_2023-09-17_orgue-voix-page002-1024x724.jpg 1024w, https:\/\/www.lorry-mardigny-patrimoine.fr\/musique\/wp-content\/uploads\/Programme_2023-09-17_orgue-voix-page002-400x283.jpg 400w, https:\/\/www.lorry-mardigny-patrimoine.fr\/musique\/wp-content\/uploads\/Programme_2023-09-17_orgue-voix-page002-768x543.jpg 768w, https:\/\/www.lorry-mardigny-patrimoine.fr\/musique\/wp-content\/uploads\/Programme_2023-09-17_orgue-voix-page002-1536x1086.jpg 1536w, https:\/\/www.lorry-mardigny-patrimoine.fr\/musique\/wp-content\/uploads\/Programme_2023-09-17_orgue-voix-page002-2048x1448.jpg 2048w\" sizes=\"auto, (max-width: 800px) 100vw, 800px\" \/><\/a><\/p>\n<p>&nbsp;<\/p>\n<p><span style=\"font-size: 18pt;\">2_Extraits sonores et vid\u00e9os<\/span><\/p>\n<p><strong>\u00ab\u00a0Quia Respexit\u00a0\u00bb, extrait du <em>Magnificat<\/em> BWV 243 de J. S. Bach<\/strong><\/p>\n<audio class=\"wp-audio-shortcode\" id=\"audio-1186-1\" preload=\"none\" style=\"width: 100%;\" controls=\"controls\"><source type=\"audio\/mpeg\" src=\"https:\/\/www.lorry-mardigny-patrimoine.fr\/musique\/wp-content\/uploads\/5_Bach_Quia-Respexit.mp3?_=1\" \/><a href=\"https:\/\/www.lorry-mardigny-patrimoine.fr\/musique\/wp-content\/uploads\/5_Bach_Quia-Respexit.mp3\">https:\/\/www.lorry-mardigny-patrimoine.fr\/musique\/wp-content\/uploads\/5_Bach_Quia-Respexit.mp3<\/a><\/audio>\n<p>&nbsp;<\/p>\n<p><strong>\u00ab\u00a0Domine Deus\u00a0\u00bb, extrait du <em>Gloria<\/em> RV 589 d&rsquo;Antonio Vivaldi<\/strong><\/p>\n<audio class=\"wp-audio-shortcode\" id=\"audio-1186-2\" preload=\"none\" style=\"width: 100%;\" controls=\"controls\"><source type=\"audio\/mpeg\" src=\"https:\/\/www.lorry-mardigny-patrimoine.fr\/musique\/wp-content\/uploads\/6_Vivaldi_Domine-Deus.mp3?_=2\" \/><a href=\"https:\/\/www.lorry-mardigny-patrimoine.fr\/musique\/wp-content\/uploads\/6_Vivaldi_Domine-Deus.mp3\">https:\/\/www.lorry-mardigny-patrimoine.fr\/musique\/wp-content\/uploads\/6_Vivaldi_Domine-Deus.mp3<\/a><\/audio>\n<p>&nbsp;<\/p>\n<p><strong><em>Ave Maria<\/em>, Op 52 (Hymne an die Jungfrau aus Walter Scott <em>Fraulein von See<\/em>, de Franz Schubert (extrait)<\/strong><\/p>\n<audio class=\"wp-audio-shortcode\" id=\"audio-1186-3\" preload=\"none\" style=\"width: 100%;\" controls=\"controls\"><source type=\"audio\/mpeg\" src=\"https:\/\/www.lorry-mardigny-patrimoine.fr\/musique\/wp-content\/uploads\/11_Schubert_Ave-Maria_extrait.mp3?_=3\" \/><a href=\"https:\/\/www.lorry-mardigny-patrimoine.fr\/musique\/wp-content\/uploads\/11_Schubert_Ave-Maria_extrait.mp3\">https:\/\/www.lorry-mardigny-patrimoine.fr\/musique\/wp-content\/uploads\/11_Schubert_Ave-Maria_extrait.mp3<\/a><\/audio>\n<p>&nbsp;<\/p>\n<p><strong><em>Clair de Lune<\/em>, menuet, de Gabriel Faur\u00e9 sur un po\u00e8me de Paul Verlaine<\/strong><\/p>\n<audio class=\"wp-audio-shortcode\" id=\"audio-1186-4\" preload=\"none\" style=\"width: 100%;\" controls=\"controls\"><source type=\"audio\/mpeg\" src=\"https:\/\/www.lorry-mardigny-patrimoine.fr\/musique\/wp-content\/uploads\/14_Faure_Clair-de-lune.mp3?_=4\" \/><a href=\"https:\/\/www.lorry-mardigny-patrimoine.fr\/musique\/wp-content\/uploads\/14_Faure_Clair-de-lune.mp3\">https:\/\/www.lorry-mardigny-patrimoine.fr\/musique\/wp-content\/uploads\/14_Faure_Clair-de-lune.mp3<\/a><\/audio>\n<p>&nbsp;<\/p>\n<div style=\"width: 640px;\" class=\"wp-video\"><video class=\"wp-video-shortcode\" id=\"video-1186-1\" width=\"640\" height=\"480\" preload=\"metadata\" controls=\"controls\"><source type=\"video\/webm\" src=\"https:\/\/www.lorry-mardigny-patrimoine.fr\/musique\/wp-content\/uploads\/Charles-Gounod_Ave-Maria_3.webm?_=1\" \/><a href=\"https:\/\/www.lorry-mardigny-patrimoine.fr\/musique\/wp-content\/uploads\/Charles-Gounod_Ave-Maria_3.webm\">https:\/\/www.lorry-mardigny-patrimoine.fr\/musique\/wp-content\/uploads\/Charles-Gounod_Ave-Maria_3.webm<\/a><\/video><\/div>\n<p><strong><em>Ave Maria<\/em>, de Charles Gounod, d&rsquo;apr\u00e8s le \u00ab\u00a0Pr\u00e9lude en do\u00a0\u00bb du <em>Clavier bien temp\u00e9r\u00e9<\/em> de J. S. Bach<\/strong><\/p>\n<p>&nbsp;<\/p>\n<div style=\"width: 780px;\" class=\"wp-video\"><video class=\"wp-video-shortcode\" id=\"video-1186-2\" width=\"780\" height=\"439\" preload=\"metadata\" controls=\"controls\"><source type=\"video\/webm\" src=\"https:\/\/www.lorry-mardigny-patrimoine.fr\/musique\/wp-content\/uploads\/J-B-Bach_Partita-Du-Friedefurst_Herr-Jesu-Christ.webm?_=2\" \/><a href=\"https:\/\/www.lorry-mardigny-patrimoine.fr\/musique\/wp-content\/uploads\/J-B-Bach_Partita-Du-Friedefurst_Herr-Jesu-Christ.webm\">https:\/\/www.lorry-mardigny-patrimoine.fr\/musique\/wp-content\/uploads\/J-B-Bach_Partita-Du-Friedefurst_Herr-Jesu-Christ.webm<\/a><\/video><\/div>\n<p><strong>Partita <em>Du Friedef\u00fcrst, Herr Jesu Christ<\/em>, de Johann Bernhard Bach<\/strong><\/p>\n<p>&nbsp;<\/p>\n<p><span style=\"font-size: 18pt;\">3_Photographies<\/span><\/p>\n\n\t\t<style type=\"text\/css\">\n\t\t\t#gallery-1 {\n\t\t\t\tmargin: auto;\n\t\t\t}\n\t\t\t#gallery-1 .gallery-item {\n\t\t\t\tfloat: left;\n\t\t\t\tmargin-top: 10px;\n\t\t\t\ttext-align: center;\n\t\t\t\twidth: 33%;\n\t\t\t}\n\t\t\t#gallery-1 img {\n\t\t\t\tborder: 2px solid #cfcfcf;\n\t\t\t}\n\t\t\t#gallery-1 .gallery-caption {\n\t\t\t\tmargin-left: 0;\n\t\t\t}\n\t\t\t\/* see gallery_shortcode() in wp-includes\/media.php *\/\n\t\t<\/style>\n\t\t<div id='gallery-1' class='gallery galleryid-1186 gallery-columns-3 gallery-size-thumbnail'><dl class='gallery-item'>\n\t\t\t<dt class='gallery-icon landscape'>\n\t\t\t\t<a href='https:\/\/www.lorry-mardigny-patrimoine.fr\/musique\/wp-content\/uploads\/2023-09-17_N_Simonnet_P_Etorre_Lorry-Mardigny_IMGP0771.jpg'><img loading=\"lazy\" decoding=\"async\" width=\"150\" height=\"150\" src=\"https:\/\/www.lorry-mardigny-patrimoine.fr\/musique\/wp-content\/uploads\/2023-09-17_N_Simonnet_P_Etorre_Lorry-Mardigny_IMGP0771-150x150.jpg\" class=\"attachment-thumbnail size-thumbnail\" alt=\"concert 17\/09\/2023\" \/><\/a>\n\t\t\t<\/dt><\/dl><dl class='gallery-item'>\n\t\t\t<dt class='gallery-icon landscape'>\n\t\t\t\t<a href='https:\/\/www.lorry-mardigny-patrimoine.fr\/musique\/wp-content\/uploads\/2023-09-17_N_Simonnet_P_Etorre_Lorry-Mardigny_IMGP0776.jpg'><img loading=\"lazy\" decoding=\"async\" width=\"150\" height=\"150\" src=\"https:\/\/www.lorry-mardigny-patrimoine.fr\/musique\/wp-content\/uploads\/2023-09-17_N_Simonnet_P_Etorre_Lorry-Mardigny_IMGP0776-150x150.jpg\" class=\"attachment-thumbnail size-thumbnail\" alt=\"Nastassia Simonnet 17\/09\/2023\" aria-describedby=\"gallery-1-1191\" \/><\/a>\n\t\t\t<\/dt>\n\t\t\t\t<dd class='wp-caption-text gallery-caption' id='gallery-1-1191'>\n\t\t\t\tNastassia Simonnet 17\/09\/2023\n\t\t\t\t<\/dd><\/dl><dl class='gallery-item'>\n\t\t\t<dt class='gallery-icon landscape'>\n\t\t\t\t<a href='https:\/\/www.lorry-mardigny-patrimoine.fr\/musique\/wp-content\/uploads\/2023-09-17_N_Simonnet_P_Etorre_Lorry-Mardigny_IMGP0775.jpg'><img loading=\"lazy\" decoding=\"async\" width=\"150\" height=\"150\" src=\"https:\/\/www.lorry-mardigny-patrimoine.fr\/musique\/wp-content\/uploads\/2023-09-17_N_Simonnet_P_Etorre_Lorry-Mardigny_IMGP0775-150x150.jpg\" class=\"attachment-thumbnail size-thumbnail\" alt=\"Pascal Etorre 17\/09\/2023\" aria-describedby=\"gallery-1-1194\" \/><\/a>\n\t\t\t<\/dt>\n\t\t\t\t<dd class='wp-caption-text gallery-caption' id='gallery-1-1194'>\n\t\t\t\tPascal Etorre 17\/09\/2023\n\t\t\t\t<\/dd><\/dl><br style=\"clear: both\" \/><dl class='gallery-item'>\n\t\t\t<dt class='gallery-icon landscape'>\n\t\t\t\t<a href='https:\/\/www.lorry-mardigny-patrimoine.fr\/musique\/wp-content\/uploads\/2023-09-17_N_Simonnet_P_Etorre_Lorry-Mardigny_IMGP0769.jpg'><img loading=\"lazy\" decoding=\"async\" width=\"150\" height=\"150\" src=\"https:\/\/www.lorry-mardigny-patrimoine.fr\/musique\/wp-content\/uploads\/2023-09-17_N_Simonnet_P_Etorre_Lorry-Mardigny_IMGP0769-150x150.jpg\" class=\"attachment-thumbnail size-thumbnail\" alt=\"concert 17\/09\/2023\" \/><\/a>\n\t\t\t<\/dt><\/dl><dl class='gallery-item'>\n\t\t\t<dt class='gallery-icon landscape'>\n\t\t\t\t<a href='https:\/\/www.lorry-mardigny-patrimoine.fr\/musique\/wp-content\/uploads\/2023-09-17_N_Simonnet_P_Etorre_Lorry-Mardigny_IMGP0773.jpg'><img loading=\"lazy\" decoding=\"async\" width=\"150\" height=\"150\" src=\"https:\/\/www.lorry-mardigny-patrimoine.fr\/musique\/wp-content\/uploads\/2023-09-17_N_Simonnet_P_Etorre_Lorry-Mardigny_IMGP0773-150x150.jpg\" class=\"attachment-thumbnail size-thumbnail\" alt=\"Nastassia Simonnet 17\/09\/2023\" aria-describedby=\"gallery-1-1190\" \/><\/a>\n\t\t\t<\/dt>\n\t\t\t\t<dd class='wp-caption-text gallery-caption' id='gallery-1-1190'>\n\t\t\t\tNastassia Simonnet 17\/09\/2023\n\t\t\t\t<\/dd><\/dl><dl class='gallery-item'>\n\t\t\t<dt class='gallery-icon landscape'>\n\t\t\t\t<a href='https:\/\/www.lorry-mardigny-patrimoine.fr\/musique\/wp-content\/uploads\/2023-09-17_N_Simonnet_P_Etorre_Lorry-Mardigny_IMGP0783.jpg'><img loading=\"lazy\" decoding=\"async\" width=\"150\" height=\"150\" src=\"https:\/\/www.lorry-mardigny-patrimoine.fr\/musique\/wp-content\/uploads\/2023-09-17_N_Simonnet_P_Etorre_Lorry-Mardigny_IMGP0783-150x150.jpg\" class=\"attachment-thumbnail size-thumbnail\" alt=\"concert 17\/09\/2023\" \/><\/a>\n\t\t\t<\/dt><\/dl><br style=\"clear: both\" \/><dl class='gallery-item'>\n\t\t\t<dt class='gallery-icon landscape'>\n\t\t\t\t<a href='https:\/\/www.lorry-mardigny-patrimoine.fr\/musique\/wp-content\/uploads\/2023-09-17_N_Simonnet_P_Etorre_Lorry-Mardigny_IMGP0782.jpg'><img loading=\"lazy\" decoding=\"async\" width=\"150\" height=\"150\" src=\"https:\/\/www.lorry-mardigny-patrimoine.fr\/musique\/wp-content\/uploads\/2023-09-17_N_Simonnet_P_Etorre_Lorry-Mardigny_IMGP0782-150x150.jpg\" class=\"attachment-thumbnail size-thumbnail\" alt=\"concert 17\/09\/2023\" \/><\/a>\n\t\t\t<\/dt><\/dl>\n\t\t\t<br style='clear: both' \/>\n\t\t<\/div>\n\n","protected":false},"excerpt":{"rendered":"<p>Nastassia Simonnet et Pascal Etorre, une voix, un orgue La Commission Patrimoine de l&rsquo;association de <a class=\"more-link\" href=\"https:\/\/www.lorry-mardigny-patrimoine.fr\/musique\/une-voix-un-orgue-17-septembre-2023\/\">Lire plus &#8230;<\/a><\/p>\n","protected":false},"author":1,"featured_media":1187,"comment_status":"closed","ping_status":"closed","sticky":false,"template":"","format":"standard","meta":{"footnotes":""},"categories":[6],"tags":[4,7],"class_list":["post-1186","post","type-post","status-publish","format-standard","has-post-thumbnail","hentry","category-programme-vocal-accompagne","tag-eglise-ste-croix","tag-orgue-link"],"_links":{"self":[{"href":"https:\/\/www.lorry-mardigny-patrimoine.fr\/musique\/wp-json\/wp\/v2\/posts\/1186","targetHints":{"allow":["GET"]}}],"collection":[{"href":"https:\/\/www.lorry-mardigny-patrimoine.fr\/musique\/wp-json\/wp\/v2\/posts"}],"about":[{"href":"https:\/\/www.lorry-mardigny-patrimoine.fr\/musique\/wp-json\/wp\/v2\/types\/post"}],"author":[{"embeddable":true,"href":"https:\/\/www.lorry-mardigny-patrimoine.fr\/musique\/wp-json\/wp\/v2\/users\/1"}],"replies":[{"embeddable":true,"href":"https:\/\/www.lorry-mardigny-patrimoine.fr\/musique\/wp-json\/wp\/v2\/comments?post=1186"}],"version-history":[{"count":2,"href":"https:\/\/www.lorry-mardigny-patrimoine.fr\/musique\/wp-json\/wp\/v2\/posts\/1186\/revisions"}],"predecessor-version":[{"id":1546,"href":"https:\/\/www.lorry-mardigny-patrimoine.fr\/musique\/wp-json\/wp\/v2\/posts\/1186\/revisions\/1546"}],"wp:featuredmedia":[{"embeddable":true,"href":"https:\/\/www.lorry-mardigny-patrimoine.fr\/musique\/wp-json\/wp\/v2\/media\/1187"}],"wp:attachment":[{"href":"https:\/\/www.lorry-mardigny-patrimoine.fr\/musique\/wp-json\/wp\/v2\/media?parent=1186"}],"wp:term":[{"taxonomy":"category","embeddable":true,"href":"https:\/\/www.lorry-mardigny-patrimoine.fr\/musique\/wp-json\/wp\/v2\/categories?post=1186"},{"taxonomy":"post_tag","embeddable":true,"href":"https:\/\/www.lorry-mardigny-patrimoine.fr\/musique\/wp-json\/wp\/v2\/tags?post=1186"}],"curies":[{"name":"wp","href":"https:\/\/api.w.org\/{rel}","templated":true}]}}