{"id":241,"date":"2013-07-07T18:54:32","date_gmt":"2013-07-07T17:54:32","guid":{"rendered":"http:\/\/www.lorry-mardigny-patrimoine.fr\/musique\/?p=241"},"modified":"2024-12-14T13:51:41","modified_gmt":"2024-12-14T12:51:41","slug":"metza-voce-7-juillet-2013","status":"publish","type":"post","link":"https:\/\/www.lorry-mardigny-patrimoine.fr\/musique\/metza-voce-7-juillet-2013\/","title":{"rendered":"Metz&rsquo;a voce &#8211; 7 juillet 2013"},"content":{"rendered":"<p style=\"text-align: justify;\">Le tout nouvel ensemble vocal Metz\u2019a voce s&rsquo;est produit en concert dans l&rsquo;\u00e9glise Ste Croix le dimanche 7 juillet 2013 \u00e0 17 h, avec la soprano Irene Morelli et accompagn\u00e9 par l&rsquo;organiste Giuseppe Schinaia, deux artistes italiens.<\/p>\n<p style=\"text-align: justify;\"><!--more--><\/p>\n<p style=\"text-align: justify;\">L&rsquo;ensemble vocal \u00e9tait form\u00e9 ce 7 juillet de Pascale D\u2019Ogna, soprano, Rachel Suzon-Lirette, mezzo-soprano, Fabrice Marchetto, t\u00e9nor, Jean-Marc Best, basse.<\/p>\n<p style=\"text-align: justify;\">Au programme : Une messe italienne au temps de la Contre-R\u00e9forme. Il s\u2019agit d\u2019une reconstruction musicale id\u00e9ale de la liturgie en vigueur au cours des XVIe et XVIIe si\u00e8cles. Ce programme a permis d&rsquo;entendre des \u0153uvres de compositeurs italiens d\u2019origines culturelles diverses : Girolamo Frescobaldi, Giovanni Felice Sances, Giovanni Paolo Cima et Girolamo Cavazzoni.<\/p>\n<p>&nbsp;<\/p>\n<p><span style=\"color: #ff0000;\"><strong><a style=\"color: #ff0000;\" href=\"http:\/\/www.lorry-mardigny-patrimoine.fr\/musique\/wp-content\/uploads\/2013-07-07_Metz_a_voce_programme.pdf\" target=\"_blank\" rel=\"noopener noreferrer\">Programme<\/a><\/strong><\/span>, pdf<\/p>\n<p>&nbsp;<\/p>\n<h5><strong><span style=\"color: #ff0000;\">Extraits du concert<br \/>\n<\/span><\/strong><\/h5>\n<p><em>\u2022 Messe de Cima, Kyrie<\/em>, Metz&rsquo;a voce<\/p>\n<audio class=\"wp-audio-shortcode\" id=\"audio-241-1\" preload=\"none\" style=\"width: 100%;\" controls=\"controls\"><source type=\"audio\/mpeg\" src=\"http:\/\/www.lorry-mardigny-patrimoine.fr\/musique\/wp-content\/uploads\/2013-07-07_Metz_a_voce_02_Cima_Kyrie.mp3?_=1\" \/><a href=\"http:\/\/www.lorry-mardigny-patrimoine.fr\/musique\/wp-content\/uploads\/2013-07-07_Metz_a_voce_02_Cima_Kyrie.mp3\">http:\/\/www.lorry-mardigny-patrimoine.fr\/musique\/wp-content\/uploads\/2013-07-07_Metz_a_voce_02_Cima_Kyrie.mp3<\/a><\/audio>\n<p>\u2022 <em>Messe de Cima, Gloria<\/em>, Metz&rsquo;a voce<\/p>\n<audio class=\"wp-audio-shortcode\" id=\"audio-241-2\" preload=\"none\" style=\"width: 100%;\" controls=\"controls\"><source type=\"audio\/mpeg\" src=\"http:\/\/www.lorry-mardigny-patrimoine.fr\/musique\/wp-content\/uploads\/2013-07-07_Metz_a_voce_04_Cima_Gloria.mp3?_=2\" \/><a href=\"http:\/\/www.lorry-mardigny-patrimoine.fr\/musique\/wp-content\/uploads\/2013-07-07_Metz_a_voce_04_Cima_Gloria.mp3\">http:\/\/www.lorry-mardigny-patrimoine.fr\/musique\/wp-content\/uploads\/2013-07-07_Metz_a_voce_04_Cima_Gloria.mp3<\/a><\/audio>\n<p>\u2022 <em>Messe de Cima, Jubilate<\/em>, P. D&rsquo;Ogna, R. Suzon-Lirette<\/p>\n<audio class=\"wp-audio-shortcode\" id=\"audio-241-3\" preload=\"none\" style=\"width: 100%;\" controls=\"controls\"><source type=\"audio\/mpeg\" src=\"http:\/\/www.lorry-mardigny-patrimoine.fr\/musique\/wp-content\/uploads\/2013-07-07_Metz_a_voce_05_Cima_Jubilate.mp3?_=3\" \/><a href=\"http:\/\/www.lorry-mardigny-patrimoine.fr\/musique\/wp-content\/uploads\/2013-07-07_Metz_a_voce_05_Cima_Jubilate.mp3\">http:\/\/www.lorry-mardigny-patrimoine.fr\/musique\/wp-content\/uploads\/2013-07-07_Metz_a_voce_05_Cima_Jubilate.mp3<\/a><\/audio>\n<p>\u2022 Sances, <em>Laetamini<\/em>, Irene Morelli<\/p>\n<audio class=\"wp-audio-shortcode\" id=\"audio-241-4\" preload=\"none\" style=\"width: 100%;\" controls=\"controls\"><source type=\"audio\/mpeg\" src=\"http:\/\/www.lorry-mardigny-patrimoine.fr\/musique\/wp-content\/uploads\/2013-07-07_Metz_a_voce_06_Sances_Laetamini.mp3?_=4\" \/><a href=\"http:\/\/www.lorry-mardigny-patrimoine.fr\/musique\/wp-content\/uploads\/2013-07-07_Metz_a_voce_06_Sances_Laetamini.mp3\">http:\/\/www.lorry-mardigny-patrimoine.fr\/musique\/wp-content\/uploads\/2013-07-07_Metz_a_voce_06_Sances_Laetamini.mp3<\/a><\/audio>\n<p>&nbsp;<\/p>\n<div style=\"width: 640px;\" class=\"wp-video\"><video class=\"wp-video-shortcode\" id=\"video-241-1\" width=\"640\" height=\"480\" preload=\"metadata\" controls=\"controls\"><source type=\"video\/webm\" src=\"https:\/\/www.lorry-mardigny-patrimoine.fr\/musique\/wp-content\/uploads\/2013-07-07_Cima_Credo.webm?_=1\" \/><a href=\"https:\/\/www.lorry-mardigny-patrimoine.fr\/musique\/wp-content\/uploads\/2013-07-07_Cima_Credo.webm\">https:\/\/www.lorry-mardigny-patrimoine.fr\/musique\/wp-content\/uploads\/2013-07-07_Cima_Credo.webm<\/a><\/video><\/div>\n<p>\u2022 <em>Messe de Cima, Credo<\/em>, Metz&rsquo;a voce<\/p>\n<p>&nbsp;<\/p>\n<div style=\"width: 640px;\" class=\"wp-video\"><video class=\"wp-video-shortcode\" id=\"video-241-2\" width=\"640\" height=\"480\" preload=\"metadata\" controls=\"controls\"><source type=\"video\/webm\" src=\"https:\/\/www.lorry-mardigny-patrimoine.fr\/musique\/wp-content\/uploads\/2013-07-07_Bencini_Ave_Maris_Stella.webm?_=2\" \/><a href=\"https:\/\/www.lorry-mardigny-patrimoine.fr\/musique\/wp-content\/uploads\/2013-07-07_Bencini_Ave_Maris_Stella.webm\">https:\/\/www.lorry-mardigny-patrimoine.fr\/musique\/wp-content\/uploads\/2013-07-07_Bencini_Ave_Maris_Stella.webm<\/a><\/video><\/div>\n<p>\u2022 Bencini, <em>Ave Maris Stella<\/em>, Metz&rsquo;a voce, Irene Morelli<\/p>\n<p>&nbsp;<\/p>\n<div id=\"attachment_251\" style=\"width: 410px\" class=\"wp-caption alignnone\"><a href=\"http:\/\/www.lorry-mardigny-patrimoine.fr\/musique\/wp-content\/uploads\/2013-07-07_Metz_a_voce_instantan\u00e9_002.jpg\"><img loading=\"lazy\" decoding=\"async\" aria-describedby=\"caption-attachment-251\" class=\"wp-image-251 size-medium\" src=\"http:\/\/www.lorry-mardigny-patrimoine.fr\/musique\/wp-content\/uploads\/2013-07-07_Metz_a_voce_instantan\u00e9_002-400x225.jpg\" alt=\"2013-07-07_Metz_a_voce_instantan\u00e9_002\" width=\"400\" height=\"225\" srcset=\"https:\/\/www.lorry-mardigny-patrimoine.fr\/musique\/wp-content\/uploads\/2013-07-07_Metz_a_voce_instantan\u00e9_002-400x225.jpg 400w, https:\/\/www.lorry-mardigny-patrimoine.fr\/musique\/wp-content\/uploads\/2013-07-07_Metz_a_voce_instantan\u00e9_002.jpg 640w\" sizes=\"auto, (max-width: 400px) 100vw, 400px\" \/><\/a><p id=\"caption-attachment-251\" class=\"wp-caption-text\">Apr\u00e8s le concert sous le soleil de juillet<\/p><\/div>\n<p style=\"text-align: justify;\"><strong>Giuseppe Schinaia<\/strong>, claveciniste, organiste, chef d\u2019orchestre, compositeur, est n\u00e9 \u00e0 Rome o\u00f9 il \u00e9tudie le piano, l\u2019harmonie et la composition. Il s\u2019int\u00e9resse \u00e0 la musique et aux instruments anciens. Giuseppe Schinaia a cr\u00e9\u00e9 il y a quelques ann\u00e9es l\u2019association de musique ancienne Harmoniae Musicae. Il se consacre avec diff\u00e9rents ensembles \u00e0 la musique baroque. Il est en outre le fondateur et le directeur musical du festival de musique ancienne Trebantiqua \u00e0 Trevi (Latium). En outre, professeur de statistiques \u00e0 l\u2019Universit\u00e9 La Sapienza de Rome, il dirige des recherches scientifiques et d\u2019analyse musicale quantitative.<\/p>\n<p style=\"text-align: justify;\"><strong>Irene Morelli<\/strong>, soprano dipl\u00f4m\u00e9e de l&rsquo;Universit\u00e9 <em>La Sapienza<\/em> de Rome, elle a d\u00e9but\u00e9 \u00e0 l&rsquo;Op\u00e9ra mais chante surtout en concert. Depuis 2001, elle se consacre aussi au r\u00e9pertoire du gospel. A son activit\u00e9 de chanteuse lyrique, elle ajoute l&rsquo;\u00e9tude et la recherche en musicologie. Elle collabore dans l&rsquo;association Harmonia Musicae \u00e0 la recherche et \u00e0 l&rsquo;interpr\u00e9tation d&rsquo;oeuvres rares compos\u00e9es entre 17e et le 18e si\u00e8cle.<\/p>\n","protected":false},"excerpt":{"rendered":"<p>Le tout nouvel ensemble vocal Metz\u2019a voce s&rsquo;est produit en concert dans l&rsquo;\u00e9glise Ste Croix <a class=\"more-link\" href=\"https:\/\/www.lorry-mardigny-patrimoine.fr\/musique\/metza-voce-7-juillet-2013\/\">Lire plus &#8230;<\/a><\/p>\n","protected":false},"author":1,"featured_media":252,"comment_status":"closed","ping_status":"closed","sticky":false,"template":"","format":"standard","meta":{"footnotes":""},"categories":[6],"tags":[4,7],"class_list":["post-241","post","type-post","status-publish","format-standard","has-post-thumbnail","hentry","category-programme-vocal-accompagne","tag-eglise-ste-croix","tag-orgue-link"],"_links":{"self":[{"href":"https:\/\/www.lorry-mardigny-patrimoine.fr\/musique\/wp-json\/wp\/v2\/posts\/241","targetHints":{"allow":["GET"]}}],"collection":[{"href":"https:\/\/www.lorry-mardigny-patrimoine.fr\/musique\/wp-json\/wp\/v2\/posts"}],"about":[{"href":"https:\/\/www.lorry-mardigny-patrimoine.fr\/musique\/wp-json\/wp\/v2\/types\/post"}],"author":[{"embeddable":true,"href":"https:\/\/www.lorry-mardigny-patrimoine.fr\/musique\/wp-json\/wp\/v2\/users\/1"}],"replies":[{"embeddable":true,"href":"https:\/\/www.lorry-mardigny-patrimoine.fr\/musique\/wp-json\/wp\/v2\/comments?post=241"}],"version-history":[{"count":0,"href":"https:\/\/www.lorry-mardigny-patrimoine.fr\/musique\/wp-json\/wp\/v2\/posts\/241\/revisions"}],"wp:featuredmedia":[{"embeddable":true,"href":"https:\/\/www.lorry-mardigny-patrimoine.fr\/musique\/wp-json\/wp\/v2\/media\/252"}],"wp:attachment":[{"href":"https:\/\/www.lorry-mardigny-patrimoine.fr\/musique\/wp-json\/wp\/v2\/media?parent=241"}],"wp:term":[{"taxonomy":"category","embeddable":true,"href":"https:\/\/www.lorry-mardigny-patrimoine.fr\/musique\/wp-json\/wp\/v2\/categories?post=241"},{"taxonomy":"post_tag","embeddable":true,"href":"https:\/\/www.lorry-mardigny-patrimoine.fr\/musique\/wp-json\/wp\/v2\/tags?post=241"}],"curies":[{"name":"wp","href":"https:\/\/api.w.org\/{rel}","templated":true}]}}