{"id":284,"date":"2012-12-15T08:19:34","date_gmt":"2012-12-15T07:19:34","guid":{"rendered":"http:\/\/www.lorry-mardigny-patrimoine.fr\/musique\/?p=284"},"modified":"2024-12-14T16:00:15","modified_gmt":"2024-12-14T15:00:15","slug":"ad-libitum-15-decembre-2012","status":"publish","type":"post","link":"https:\/\/www.lorry-mardigny-patrimoine.fr\/musique\/ad-libitum-15-decembre-2012\/","title":{"rendered":"Ad Libitum &#8211; 15 d\u00e9cembre 2012"},"content":{"rendered":"<p style=\"text-align: justify;\">Ambiance chaleureuse de f\u00eate dans l&rsquo;\u00e9glise de Mardigny avec ce concert de l&rsquo;ensemble Ad Libitum qui nous a permis de r\u00e9entendre avec plaisir et dans une interpr\u00e9tation de grande qualit\u00e9 ces chants de No\u00ebl venus de diff\u00e9rents pays.<\/p>\n<p style=\"text-align: justify;\"><!--more--><\/p>\n<p style=\"text-align: justify;\">Cr\u00e9\u00e9 fin 2005, l\u2019ensemble vocal Ad Libitum est un groupe d\u2019amis amoureux du chant choral, originaires du bassin houiller et de la r\u00e9gion messine.<br \/>\nApr\u00e8s s\u2019\u00eatre forg\u00e9 chacun une solide exp\u00e9rience du chant choral au sein d\u2019autres formations, \u00e0 l\u2019effectif plus fourni, les chanteurs d\u2019Ad Libitum ont souhait\u00e9 cr\u00e9er un ensemble \u00e0 effectif r\u00e9duit offrant un r\u00e9pertoire <em>a cappella<\/em>, compos\u00e9 essentiellement d\u2019\u0153uvres religieuses mais \u00e9galement de chants du monde et de gospels.<\/p>\n<p style=\"text-align: center;\"><strong>1. Programme<\/strong><\/p>\n<p style=\"text-align: center;\"><strong>2. Extraits du concert<\/strong><\/p>\n<p style=\"text-align: center;\"><strong>3. Photographies<\/strong><\/p>\n<p><a href=\"http:\/\/www.lorry-mardigny-patrimoine.fr\/musique\/wp-content\/uploads\/2012-12-15_Ad_Libitum_programme.pdf\" target=\"_blank\" rel=\"noopener\"><strong><span style=\"color: #ff0000;\">Programme<\/span><\/strong><\/a> en format pdf<\/p>\n<h5><strong><span style=\"color: #ff0000;\">Extraits du concert :<\/span><\/strong><\/h5>\n<p>\u2022 <a href=\"http:\/\/www.lorry-mardigny-patrimoine.fr\/musique\/wp-content\/uploads\/2012-12-15_Ad_Libitum_01_Adeste_fideles.mp3\" target=\"_blank\" rel=\"noopener\"><em>Adeste Fideles<\/em><\/a><\/p>\n<audio class=\"wp-audio-shortcode\" id=\"audio-284-1\" preload=\"none\" style=\"width: 100%;\" controls=\"controls\"><source type=\"audio\/mpeg\" src=\"http:\/\/www.lorry-mardigny-patrimoine.fr\/musique\/wp-content\/uploads\/2012-12-15_Ad_Libitum_01_Adeste_fideles.mp3?_=1\" \/><a href=\"http:\/\/www.lorry-mardigny-patrimoine.fr\/musique\/wp-content\/uploads\/2012-12-15_Ad_Libitum_01_Adeste_fideles.mp3\">http:\/\/www.lorry-mardigny-patrimoine.fr\/musique\/wp-content\/uploads\/2012-12-15_Ad_Libitum_01_Adeste_fideles.mp3<\/a><\/audio>\n<p>&nbsp;<\/p>\n<p>\u2022 G.F. H\u00e4ndel,\u00a0 <a href=\"http:\/\/www.lorry-mardigny-patrimoine.fr\/musique\/wp-content\/uploads\/2012-12-15_Ad_Libitum_02_Joy_to_the_world.mp3\" target=\"_blank\" rel=\"noopener\"><em>Joy to the world<\/em><\/a><\/p>\n<audio class=\"wp-audio-shortcode\" id=\"audio-284-2\" preload=\"none\" style=\"width: 100%;\" controls=\"controls\"><source type=\"audio\/mpeg\" src=\"http:\/\/www.lorry-mardigny-patrimoine.fr\/musique\/wp-content\/uploads\/2012-12-15_Ad_Libitum_02_Joy_to_the_world.mp3?_=2\" \/><a href=\"http:\/\/www.lorry-mardigny-patrimoine.fr\/musique\/wp-content\/uploads\/2012-12-15_Ad_Libitum_02_Joy_to_the_world.mp3\">http:\/\/www.lorry-mardigny-patrimoine.fr\/musique\/wp-content\/uploads\/2012-12-15_Ad_Libitum_02_Joy_to_the_world.mp3<\/a><\/audio>\n<p>&nbsp;<\/p>\n<p>\u2022 Michael Praetorius, <a href=\"http:\/\/www.lorry-mardigny-patrimoine.fr\/musique\/wp-content\/uploads\/2012-12-15_Ad_Libitum_07_Es_ist_ein_Ros_entsprungen.mp3\" target=\"_blank\" rel=\"noopener\"><em>Es ist ein Ros entsprungen<\/em><\/a><\/p>\n<audio class=\"wp-audio-shortcode\" id=\"audio-284-3\" preload=\"none\" style=\"width: 100%;\" controls=\"controls\"><source type=\"audio\/mpeg\" src=\"http:\/\/www.lorry-mardigny-patrimoine.fr\/musique\/wp-content\/uploads\/2012-12-15_Ad_Libitum_07_Es_ist_ein_Ros_entsprungen.mp3?_=3\" \/><a href=\"http:\/\/www.lorry-mardigny-patrimoine.fr\/musique\/wp-content\/uploads\/2012-12-15_Ad_Libitum_07_Es_ist_ein_Ros_entsprungen.mp3\">http:\/\/www.lorry-mardigny-patrimoine.fr\/musique\/wp-content\/uploads\/2012-12-15_Ad_Libitum_07_Es_ist_ein_Ros_entsprungen.mp3<\/a><\/audio>\n<p>&nbsp;<\/p>\n<p>\u2022 Jacob Handl, <a href=\"http:\/\/www.lorry-mardigny-patrimoine.fr\/musique\/wp-content\/uploads\/2012-12-15_Ad_Libitum_10_Ab_Orient_venerunt_magi.mp3\" target=\"_blank\" rel=\"noopener\"><em>Ab oriente venerunt magi<\/em><\/a><\/p>\n<audio class=\"wp-audio-shortcode\" id=\"audio-284-4\" preload=\"none\" style=\"width: 100%;\" controls=\"controls\"><source type=\"audio\/mpeg\" src=\"http:\/\/www.lorry-mardigny-patrimoine.fr\/musique\/wp-content\/uploads\/2012-12-15_Ad_Libitum_10_Ab_Orient_venerunt_magi.mp3?_=4\" \/><a href=\"http:\/\/www.lorry-mardigny-patrimoine.fr\/musique\/wp-content\/uploads\/2012-12-15_Ad_Libitum_10_Ab_Orient_venerunt_magi.mp3\">http:\/\/www.lorry-mardigny-patrimoine.fr\/musique\/wp-content\/uploads\/2012-12-15_Ad_Libitum_10_Ab_Orient_venerunt_magi.mp3<\/a><\/audio>\n<p>&nbsp;<\/p>\n<p>\u2022 Dmeitro Bortniansky, <a href=\"http:\/\/www.lorry-mardigny-patrimoine.fr\/musique\/wp-content\/uploads\/2012-12-15_Ad_Libitum_11_Tebe_poyem.mp3\" target=\"_blank\" rel=\"noopener\"><em>Tebe poyem<\/em><\/a><\/p>\n<audio class=\"wp-audio-shortcode\" id=\"audio-284-5\" preload=\"none\" style=\"width: 100%;\" controls=\"controls\"><source type=\"audio\/mpeg\" src=\"http:\/\/www.lorry-mardigny-patrimoine.fr\/musique\/wp-content\/uploads\/2012-12-15_Ad_Libitum_11_Tebe_poyem.mp3?_=5\" \/><a href=\"http:\/\/www.lorry-mardigny-patrimoine.fr\/musique\/wp-content\/uploads\/2012-12-15_Ad_Libitum_11_Tebe_poyem.mp3\">http:\/\/www.lorry-mardigny-patrimoine.fr\/musique\/wp-content\/uploads\/2012-12-15_Ad_Libitum_11_Tebe_poyem.mp3<\/a><\/audio>\n<p>&nbsp;<\/p>\n<p>\u2022 <a href=\"http:\/\/www.lorry-mardigny-patrimoine.fr\/musique\/wp-content\/uploads\/2012-12-15_Ad_Libitum_16_Campana_sobre_campana.mp3\" target=\"_blank\" rel=\"noopener\"><em>Campana sobre campana\u00a0<\/em><\/a><\/p>\n<audio class=\"wp-audio-shortcode\" id=\"audio-284-6\" preload=\"none\" style=\"width: 100%;\" controls=\"controls\"><source type=\"audio\/mpeg\" src=\"http:\/\/www.lorry-mardigny-patrimoine.fr\/musique\/wp-content\/uploads\/2012-12-15_Ad_Libitum_16_Campana_sobre_campana.mp3?_=6\" \/><a href=\"http:\/\/www.lorry-mardigny-patrimoine.fr\/musique\/wp-content\/uploads\/2012-12-15_Ad_Libitum_16_Campana_sobre_campana.mp3\">http:\/\/www.lorry-mardigny-patrimoine.fr\/musique\/wp-content\/uploads\/2012-12-15_Ad_Libitum_16_Campana_sobre_campana.mp3<\/a><\/audio>\n<p>&nbsp;<\/p>\n<div style=\"width: 640px;\" class=\"wp-video\"><video class=\"wp-video-shortcode\" id=\"video-284-1\" width=\"640\" height=\"480\" preload=\"metadata\" controls=\"controls\"><source type=\"video\/webm\" src=\"https:\/\/www.lorry-mardigny-patrimoine.fr\/musique\/wp-content\/uploads\/Kling_Glockchen_kling.webm?_=1\" \/><a href=\"https:\/\/www.lorry-mardigny-patrimoine.fr\/musique\/wp-content\/uploads\/Kling_Glockchen_kling.webm\">https:\/\/www.lorry-mardigny-patrimoine.fr\/musique\/wp-content\/uploads\/Kling_Glockchen_kling.webm<\/a><\/video><\/div>\n<p>\u2022 <em>Kling Gl\u00f6ckchen kling<\/em>\u00a0\u00a0 \/\u00a0 vid\u00e9o webm<\/p>\n<p>&nbsp;<\/p>\n<div style=\"width: 640px;\" class=\"wp-video\"><video class=\"wp-video-shortcode\" id=\"video-284-2\" width=\"640\" height=\"480\" preload=\"metadata\" controls=\"controls\"><source type=\"video\/webm\" src=\"https:\/\/www.lorry-mardigny-patrimoine.fr\/musique\/wp-content\/uploads\/2012-12-15_Les_anges_dans_nos_campagnesitre.webm?_=2\" \/><a href=\"https:\/\/www.lorry-mardigny-patrimoine.fr\/musique\/wp-content\/uploads\/2012-12-15_Les_anges_dans_nos_campagnesitre.webm\">https:\/\/www.lorry-mardigny-patrimoine.fr\/musique\/wp-content\/uploads\/2012-12-15_Les_anges_dans_nos_campagnesitre.webm<\/a><\/video><\/div>\n<p>\u2022 <em>Les anges dans nos campagnes<br \/>\n<\/em><\/p>\n<p>&nbsp;<\/p>\n<div style=\"width: 640px;\" class=\"wp-video\"><video class=\"wp-video-shortcode\" id=\"video-284-3\" width=\"640\" height=\"480\" preload=\"metadata\" controls=\"controls\"><source type=\"video\/webm\" src=\"https:\/\/www.lorry-mardigny-patrimoine.fr\/musique\/wp-content\/uploads\/O-Tannenbaum.webm?_=3\" \/><a href=\"https:\/\/www.lorry-mardigny-patrimoine.fr\/musique\/wp-content\/uploads\/O-Tannenbaum.webm\">https:\/\/www.lorry-mardigny-patrimoine.fr\/musique\/wp-content\/uploads\/O-Tannenbaum.webm<\/a><\/video><\/div>\n<p>\u2022 <em>O Tannenbaum<\/em>\u00a0 \/\u00a0 vid\u00e9o webm<\/p>\n<p>&nbsp;<\/p>\n<h5><span style=\"font-size: 14pt;\"><strong><span style=\"color: #ff0000;\">Photographies<\/span><\/strong><\/span><\/h5>\n\n\t\t<style type=\"text\/css\">\n\t\t\t#gallery-1 {\n\t\t\t\tmargin: auto;\n\t\t\t}\n\t\t\t#gallery-1 .gallery-item {\n\t\t\t\tfloat: left;\n\t\t\t\tmargin-top: 10px;\n\t\t\t\ttext-align: center;\n\t\t\t\twidth: 33%;\n\t\t\t}\n\t\t\t#gallery-1 img {\n\t\t\t\tborder: 2px solid #cfcfcf;\n\t\t\t}\n\t\t\t#gallery-1 .gallery-caption {\n\t\t\t\tmargin-left: 0;\n\t\t\t}\n\t\t\t\/* see gallery_shortcode() in wp-includes\/media.php *\/\n\t\t<\/style>\n\t\t<div id='gallery-1' class='gallery galleryid-284 gallery-columns-3 gallery-size-thumbnail'><dl class='gallery-item'>\n\t\t\t<dt class='gallery-icon landscape'>\n\t\t\t\t<a href='https:\/\/www.lorry-mardigny-patrimoine.fr\/musique\/wp-content\/uploads\/2012-12-15_Ad_Libitum_4.jpg'><img loading=\"lazy\" decoding=\"async\" width=\"150\" height=\"150\" src=\"https:\/\/www.lorry-mardigny-patrimoine.fr\/musique\/wp-content\/uploads\/2012-12-15_Ad_Libitum_4-150x150.jpg\" class=\"attachment-thumbnail size-thumbnail\" alt=\"\" \/><\/a>\n\t\t\t<\/dt><\/dl><dl class='gallery-item'>\n\t\t\t<dt class='gallery-icon landscape'>\n\t\t\t\t<a href='https:\/\/www.lorry-mardigny-patrimoine.fr\/musique\/wp-content\/uploads\/2012-12-15_Ad_Libitum_IMGP1295.jpg'><img loading=\"lazy\" decoding=\"async\" width=\"150\" height=\"150\" src=\"https:\/\/www.lorry-mardigny-patrimoine.fr\/musique\/wp-content\/uploads\/2012-12-15_Ad_Libitum_IMGP1295-150x150.jpg\" class=\"attachment-thumbnail size-thumbnail\" alt=\"\" \/><\/a>\n\t\t\t<\/dt><\/dl><dl class='gallery-item'>\n\t\t\t<dt class='gallery-icon landscape'>\n\t\t\t\t<a href='https:\/\/www.lorry-mardigny-patrimoine.fr\/musique\/wp-content\/uploads\/2012-12-15_Ad_Libitum_2.jpg'><img loading=\"lazy\" decoding=\"async\" width=\"150\" height=\"150\" src=\"https:\/\/www.lorry-mardigny-patrimoine.fr\/musique\/wp-content\/uploads\/2012-12-15_Ad_Libitum_2-150x150.jpg\" class=\"attachment-thumbnail size-thumbnail\" alt=\"\" \/><\/a>\n\t\t\t<\/dt><\/dl><br style=\"clear: both\" \/><dl class='gallery-item'>\n\t\t\t<dt class='gallery-icon landscape'>\n\t\t\t\t<a href='https:\/\/www.lorry-mardigny-patrimoine.fr\/musique\/wp-content\/uploads\/2012-12-15_Ad_Libitum_1.jpg'><img loading=\"lazy\" decoding=\"async\" width=\"150\" height=\"150\" src=\"https:\/\/www.lorry-mardigny-patrimoine.fr\/musique\/wp-content\/uploads\/2012-12-15_Ad_Libitum_1-150x150.jpg\" class=\"attachment-thumbnail size-thumbnail\" alt=\"\" \/><\/a>\n\t\t\t<\/dt><\/dl><dl class='gallery-item'>\n\t\t\t<dt class='gallery-icon landscape'>\n\t\t\t\t<a href='https:\/\/www.lorry-mardigny-patrimoine.fr\/musique\/wp-content\/uploads\/2013-01-07RL_Ad_Libitum.jpg'><img loading=\"lazy\" decoding=\"async\" width=\"150\" height=\"150\" src=\"https:\/\/www.lorry-mardigny-patrimoine.fr\/musique\/wp-content\/uploads\/2013-01-07RL_Ad_Libitum-150x150.jpg\" class=\"attachment-thumbnail size-thumbnail\" alt=\"\" \/><\/a>\n\t\t\t<\/dt><\/dl>\n\t\t\t<br style='clear: both' \/>\n\t\t<\/div>\n\n<p>Ad Libitum est sur <a href=\"https:\/\/www.facebook.com\/EnsembleVocalAdLibitum\" target=\"_blank\" rel=\"noopener\">Facebook<\/a><\/p>\n","protected":false},"excerpt":{"rendered":"<p>Ambiance chaleureuse de f\u00eate dans l&rsquo;\u00e9glise de Mardigny avec ce concert de l&rsquo;ensemble Ad Libitum <a class=\"more-link\" href=\"https:\/\/www.lorry-mardigny-patrimoine.fr\/musique\/ad-libitum-15-decembre-2012\/\">Lire plus &#8230;<\/a><\/p>\n","protected":false},"author":1,"featured_media":297,"comment_status":"closed","ping_status":"closed","sticky":false,"template":"","format":"standard","meta":{"footnotes":""},"categories":[2],"tags":[8],"class_list":["post-284","post","type-post","status-publish","format-standard","has-post-thumbnail","hentry","category-programme-vocal-a-cappella","tag-eglise-st-laurent"],"_links":{"self":[{"href":"https:\/\/www.lorry-mardigny-patrimoine.fr\/musique\/wp-json\/wp\/v2\/posts\/284","targetHints":{"allow":["GET"]}}],"collection":[{"href":"https:\/\/www.lorry-mardigny-patrimoine.fr\/musique\/wp-json\/wp\/v2\/posts"}],"about":[{"href":"https:\/\/www.lorry-mardigny-patrimoine.fr\/musique\/wp-json\/wp\/v2\/types\/post"}],"author":[{"embeddable":true,"href":"https:\/\/www.lorry-mardigny-patrimoine.fr\/musique\/wp-json\/wp\/v2\/users\/1"}],"replies":[{"embeddable":true,"href":"https:\/\/www.lorry-mardigny-patrimoine.fr\/musique\/wp-json\/wp\/v2\/comments?post=284"}],"version-history":[{"count":0,"href":"https:\/\/www.lorry-mardigny-patrimoine.fr\/musique\/wp-json\/wp\/v2\/posts\/284\/revisions"}],"wp:featuredmedia":[{"embeddable":true,"href":"https:\/\/www.lorry-mardigny-patrimoine.fr\/musique\/wp-json\/wp\/v2\/media\/297"}],"wp:attachment":[{"href":"https:\/\/www.lorry-mardigny-patrimoine.fr\/musique\/wp-json\/wp\/v2\/media?parent=284"}],"wp:term":[{"taxonomy":"category","embeddable":true,"href":"https:\/\/www.lorry-mardigny-patrimoine.fr\/musique\/wp-json\/wp\/v2\/categories?post=284"},{"taxonomy":"post_tag","embeddable":true,"href":"https:\/\/www.lorry-mardigny-patrimoine.fr\/musique\/wp-json\/wp\/v2\/tags?post=284"}],"curies":[{"name":"wp","href":"https:\/\/api.w.org\/{rel}","templated":true}]}}