{"id":331,"date":"2011-09-17T21:42:39","date_gmt":"2011-09-17T20:42:39","guid":{"rendered":"http:\/\/www.lorry-mardigny-patrimoine.fr\/musique\/?p=331"},"modified":"2024-12-14T15:18:37","modified_gmt":"2024-12-14T14:18:37","slug":"flutes-et-marimba-17-septembre-2011","status":"publish","type":"post","link":"https:\/\/www.lorry-mardigny-patrimoine.fr\/musique\/flutes-et-marimba-17-septembre-2011\/","title":{"rendered":"Fl\u00fbtes et Marimba &#8211; 17 septembre 2011"},"content":{"rendered":"<p style=\"text-align: justify;\">Nous devons \u00e0 Chia-Hung Sun le choix du th\u00e8me et du programme de ce concert du 17 septembre 2011 : les oiseaux en musique.<\/p>\n<p style=\"text-align: justify;\"><!--more--><\/p>\n<p style=\"text-align: justify;\">L&rsquo;oiseau est au coeur de l&rsquo;Evangile, colombe de Paix et d&rsquo;Amour ; il est l&rsquo;un des symboles forts de la d\u00e9coration de nombreuses \u00e9glises et repr\u00e9sente aussi le Saint Esprit. Quel plus beau symbole pour faire lien avec la musique et pour exprimer la force de l&rsquo;art et le g\u00e9nie des compositeurs qui l&rsquo;ont choisi pour motif.<\/p>\n<p style=\"text-align: justify;\">Le programme de ce concert \u00e9tait compos\u00e9 principalement d&rsquo;oeuvres des XIXe et XXe si\u00e8cles, sur des arrangements de Mme Dominique Hollebeke, pour piccolo, fl\u00fbte, fl\u00fbte alto, marimba et accord\u00e9on.<\/p>\n<p style=\"text-align: center;\"><strong>1. Programme <\/strong><\/p>\n<p style=\"text-align: center;\"><strong>2. Extraits du concert<br \/>\n<\/strong><\/p>\n<p style=\"text-align: center;\"><strong>3. Photographies<br \/>\n<\/strong><\/p>\n<p style=\"text-align: center;\"><strong>4. Pr\u00e9sentation des musiciens<br \/>\n<\/strong><\/p>\n<p>&nbsp;<\/p>\n<p><strong><a href=\"http:\/\/www.lorry-mardigny-patrimoine.fr\/musique\/wp-content\/uploads\/2011-09-17_marimba_flutes.pdf\" target=\"_blank\" rel=\"noopener\"><span style=\"color: #ff0000;\">Programme<\/span><\/a><\/strong> (pdf)<\/p>\n<p>&nbsp;<\/p>\n<h4><strong><span style=\"color: #ff0000;\">Extraits du concert :<\/span><\/strong><\/h4>\n<p>\u2022 Eug\u00e8ne Damar\u00e9, <a href=\"http:\/\/www.lorry-mardigny-patrimoine.fr\/musique\/wp-content\/uploads\/2011-09-17_marimba_flutes_Damare_Echos_des_bois.mp3\" target=\"_blank\" rel=\"noopener\"><em>Les \u00e9chos des bois<\/em><\/a> op. 220, Piccolo, Fl\u00fbte, Marimba<\/p>\n<audio class=\"wp-audio-shortcode\" id=\"audio-331-1\" preload=\"none\" style=\"width: 100%;\" controls=\"controls\"><source type=\"audio\/mpeg\" src=\"http:\/\/www.lorry-mardigny-patrimoine.fr\/musique\/wp-content\/uploads\/2011-09-17_marimba_flutes_Damare_Echos_des_bois.mp3?_=1\" \/><a href=\"http:\/\/www.lorry-mardigny-patrimoine.fr\/musique\/wp-content\/uploads\/2011-09-17_marimba_flutes_Damare_Echos_des_bois.mp3\">http:\/\/www.lorry-mardigny-patrimoine.fr\/musique\/wp-content\/uploads\/2011-09-17_marimba_flutes_Damare_Echos_des_bois.mp3<\/a><\/audio>\n<p>&nbsp;<\/p>\n<p>\u2022 Demerssemann-Rossini, <a href=\"http:\/\/www.lorry-mardigny-patrimoine.fr\/musique\/wp-content\/uploads\/2011-09-17_marimba_flutes_Demerssemann-Rossini_Guillaume_Tell_Pastorale.mp3\" target=\"_blank\" rel=\"noopener\"><em>Guillaume Tell, pastorale<\/em><\/a>, Fl\u00fbtes, Fl\u00fbte alto, Marimba<\/p>\n<audio class=\"wp-audio-shortcode\" id=\"audio-331-2\" preload=\"none\" style=\"width: 100%;\" controls=\"controls\"><source type=\"audio\/mpeg\" src=\"http:\/\/www.lorry-mardigny-patrimoine.fr\/musique\/wp-content\/uploads\/2011-09-17_marimba_flutes_Demerssemann-Rossini_Guillaume_Tell_Pastorale.mp3?_=2\" \/><a href=\"http:\/\/www.lorry-mardigny-patrimoine.fr\/musique\/wp-content\/uploads\/2011-09-17_marimba_flutes_Demerssemann-Rossini_Guillaume_Tell_Pastorale.mp3\">http:\/\/www.lorry-mardigny-patrimoine.fr\/musique\/wp-content\/uploads\/2011-09-17_marimba_flutes_Demerssemann-Rossini_Guillaume_Tell_Pastorale.mp3<\/a><\/audio>\n<p>&nbsp;<\/p>\n<p>\u2022 Rimsky-Korsakoff, <em><a href=\"http:\/\/www.lorry-mardigny-patrimoine.fr\/musique\/wp-content\/uploads\/2011-09-17_marimba_flutes_Rimsky-Korsakoff_Vol_du_bourdon_flute.mp3\" target=\"_blank\" rel=\"noopener\">Le Vol du bourdon<\/a><\/em>, Trois fl\u00fbtes, Marimba<\/p>\n<audio class=\"wp-audio-shortcode\" id=\"audio-331-3\" preload=\"none\" style=\"width: 100%;\" controls=\"controls\"><source type=\"audio\/mpeg\" src=\"http:\/\/www.lorry-mardigny-patrimoine.fr\/musique\/wp-content\/uploads\/2011-09-17_marimba_flutes_Rimsky-Korsakoff_Vol_du_bourdon_flute.mp3?_=3\" \/><a href=\"http:\/\/www.lorry-mardigny-patrimoine.fr\/musique\/wp-content\/uploads\/2011-09-17_marimba_flutes_Rimsky-Korsakoff_Vol_du_bourdon_flute.mp3\">http:\/\/www.lorry-mardigny-patrimoine.fr\/musique\/wp-content\/uploads\/2011-09-17_marimba_flutes_Rimsky-Korsakoff_Vol_du_bourdon_flute.mp3<\/a><\/audio>\n<p>&nbsp;<\/p>\n<p>\u2022 Mendelssohn, <em><a href=\"http:\/\/www.lorry-mardigny-patrimoine.fr\/musique\/wp-content\/uploads\/2011-09-17_marimba_flutes_Mendelssohn_Chanson_du_printemps.mp3\" target=\"_blank\" rel=\"noopener\">Chanson du printemps<\/a><\/em>, Fl\u00fbtes, Marimba<\/p>\n<audio class=\"wp-audio-shortcode\" id=\"audio-331-4\" preload=\"none\" style=\"width: 100%;\" controls=\"controls\"><source type=\"audio\/mpeg\" src=\"http:\/\/www.lorry-mardigny-patrimoine.fr\/musique\/wp-content\/uploads\/2011-09-17_marimba_flutes_Mendelssohn_Chanson_du_printemps.mp3?_=4\" \/><a href=\"http:\/\/www.lorry-mardigny-patrimoine.fr\/musique\/wp-content\/uploads\/2011-09-17_marimba_flutes_Mendelssohn_Chanson_du_printemps.mp3\">http:\/\/www.lorry-mardigny-patrimoine.fr\/musique\/wp-content\/uploads\/2011-09-17_marimba_flutes_Mendelssohn_Chanson_du_printemps.mp3<\/a><\/audio>\n<p>&nbsp;<\/p>\n<p>\u2022 Saint-Saens, <a href=\"http:\/\/www.lorry-mardigny-patrimoine.fr\/musique\/wp-content\/uploads\/2011-09-17_marimba_flutes_Saint-Saens_Le_cygne.mp3\" target=\"_blank\" rel=\"noopener\"><em>Le Carnaval des animaux, Le Cygne<\/em><\/a>, Fl\u00fbte, Marimba, Accord\u00e9on<\/p>\n<audio class=\"wp-audio-shortcode\" id=\"audio-331-5\" preload=\"none\" style=\"width: 100%;\" controls=\"controls\"><source type=\"audio\/mpeg\" src=\"http:\/\/www.lorry-mardigny-patrimoine.fr\/musique\/wp-content\/uploads\/2011-09-17_marimba_flutes_Saint-Saens_Le_cygne.mp3?_=5\" \/><a href=\"http:\/\/www.lorry-mardigny-patrimoine.fr\/musique\/wp-content\/uploads\/2011-09-17_marimba_flutes_Saint-Saens_Le_cygne.mp3\">http:\/\/www.lorry-mardigny-patrimoine.fr\/musique\/wp-content\/uploads\/2011-09-17_marimba_flutes_Saint-Saens_Le_cygne.mp3<\/a><\/audio>\n<p>&nbsp;<\/p>\n<p>\u2022 Saint-Saens, <a href=\"http:\/\/www.lorry-mardigny-patrimoine.fr\/musique\/wp-content\/uploads\/2011-09-17_marimba_flutes_Saint-Saens_La_Voliere.mp3\" target=\"_blank\" rel=\"noopener\"><em>Le Carnaval des animaux, La Voli\u00e8re<\/em><\/a>, Fl\u00fbtes, Marimba<\/p>\n<audio class=\"wp-audio-shortcode\" id=\"audio-331-6\" preload=\"none\" style=\"width: 100%;\" controls=\"controls\"><source type=\"audio\/mpeg\" src=\"http:\/\/www.lorry-mardigny-patrimoine.fr\/musique\/wp-content\/uploads\/2011-09-17_marimba_flutes_Saint-Saens_La_Voliere.mp3?_=6\" \/><a href=\"http:\/\/www.lorry-mardigny-patrimoine.fr\/musique\/wp-content\/uploads\/2011-09-17_marimba_flutes_Saint-Saens_La_Voliere.mp3\">http:\/\/www.lorry-mardigny-patrimoine.fr\/musique\/wp-content\/uploads\/2011-09-17_marimba_flutes_Saint-Saens_La_Voliere.mp3<\/a><\/audio>\n<p>&nbsp;<\/p>\n<p>\u2022 Vivaldi, <a href=\"http:\/\/www.lorry-mardigny-patrimoine.fr\/musique\/wp-content\/uploads\/2011-09-17_marimba_flutes_Vivaldi_Chardonneret_2Largo.mp3\" target=\"_blank\" rel=\"noopener\"><em>Concerto Le Chardonneret, 2e mouvt<\/em><\/a>, Largo, Fl\u00fbtes, Marimba<\/p>\n<audio class=\"wp-audio-shortcode\" id=\"audio-331-7\" preload=\"none\" style=\"width: 100%;\" controls=\"controls\"><source type=\"audio\/mpeg\" src=\"http:\/\/www.lorry-mardigny-patrimoine.fr\/musique\/wp-content\/uploads\/2011-09-17_marimba_flutes_Vivaldi_Chardonneret_2Largo.mp3?_=7\" \/><a href=\"http:\/\/www.lorry-mardigny-patrimoine.fr\/musique\/wp-content\/uploads\/2011-09-17_marimba_flutes_Vivaldi_Chardonneret_2Largo.mp3\">http:\/\/www.lorry-mardigny-patrimoine.fr\/musique\/wp-content\/uploads\/2011-09-17_marimba_flutes_Vivaldi_Chardonneret_2Largo.mp3<\/a><\/audio>\n<p>&nbsp;<\/p>\n<p>\u2022 Vivaldi, <a href=\"http:\/\/www.lorry-mardigny-patrimoine.fr\/musique\/wp-content\/uploads\/2011-09-17_marimba_flutes_Vivaldi_Chardonneret_3Allegro.mp3\" target=\"_blank\" rel=\"noopener\"><em>Concerto Le Chardonneret, 3e mouvt<\/em><\/a>, Allegro, Fl\u00fbtes, Marimba<\/p>\n<audio class=\"wp-audio-shortcode\" id=\"audio-331-8\" preload=\"none\" style=\"width: 100%;\" controls=\"controls\"><source type=\"audio\/mpeg\" src=\"http:\/\/www.lorry-mardigny-patrimoine.fr\/musique\/wp-content\/uploads\/2011-09-17_marimba_flutes_Vivaldi_Chardonneret_3Allegro.mp3?_=8\" \/><a href=\"http:\/\/www.lorry-mardigny-patrimoine.fr\/musique\/wp-content\/uploads\/2011-09-17_marimba_flutes_Vivaldi_Chardonneret_3Allegro.mp3\">http:\/\/www.lorry-mardigny-patrimoine.fr\/musique\/wp-content\/uploads\/2011-09-17_marimba_flutes_Vivaldi_Chardonneret_3Allegro.mp3<\/a><\/audio>\n<p>&nbsp;<\/p>\n<p>\u2022 Traditionnel arm\u00e9nien, <a href=\"http:\/\/www.lorry-mardigny-patrimoine.fr\/musique\/wp-content\/uploads\/2011-09-17_marimba_flutes_Chant_armenien_Perdrix.mp3\" target=\"_blank\" rel=\"noopener\">La Perdrix<\/a>, Voix, Fl\u00fbtes, Marimba<\/p>\n<audio class=\"wp-audio-shortcode\" id=\"audio-331-9\" preload=\"none\" style=\"width: 100%;\" controls=\"controls\"><source type=\"audio\/mpeg\" src=\"http:\/\/www.lorry-mardigny-patrimoine.fr\/musique\/wp-content\/uploads\/2011-09-17_marimba_flutes_Chant_armenien_Perdrix.mp3?_=9\" \/><a href=\"http:\/\/www.lorry-mardigny-patrimoine.fr\/musique\/wp-content\/uploads\/2011-09-17_marimba_flutes_Chant_armenien_Perdrix.mp3\">http:\/\/www.lorry-mardigny-patrimoine.fr\/musique\/wp-content\/uploads\/2011-09-17_marimba_flutes_Chant_armenien_Perdrix.mp3<\/a><\/audio>\n<p>&nbsp;<\/p>\n<p>&nbsp;<\/p>\n<div style=\"width: 640px;\" class=\"wp-video\"><video class=\"wp-video-shortcode\" id=\"video-331-1\" width=\"640\" height=\"480\" preload=\"metadata\" controls=\"controls\"><source type=\"video\/webm\" src=\"https:\/\/www.lorry-mardigny-patrimoine.fr\/musique\/wp-content\/uploads\/2011-09-17_Saint-Saens_La_Voliere.webm?_=1\" \/><a href=\"https:\/\/www.lorry-mardigny-patrimoine.fr\/musique\/wp-content\/uploads\/2011-09-17_Saint-Saens_La_Voliere.webm\">https:\/\/www.lorry-mardigny-patrimoine.fr\/musique\/wp-content\/uploads\/2011-09-17_Saint-Saens_La_Voliere.webm<\/a><\/video><\/div>\n<p>\u2022\u00a0 Saint-Saens, <em>Le Carnaval des animaux, La Voli\u00e8re<\/em><\/p>\n<p>&nbsp;<\/p>\n<div style=\"width: 640px;\" class=\"wp-video\"><video class=\"wp-video-shortcode\" id=\"video-331-2\" width=\"640\" height=\"480\" preload=\"metadata\" controls=\"controls\"><source type=\"video\/webm\" src=\"https:\/\/www.lorry-mardigny-patrimoine.fr\/musique\/wp-content\/uploads\/2011-09-17_Rimsky-Korsakoff_Vol_du_bourdon.webm?_=2\" \/><a href=\"https:\/\/www.lorry-mardigny-patrimoine.fr\/musique\/wp-content\/uploads\/2011-09-17_Rimsky-Korsakoff_Vol_du_bourdon.webm\">https:\/\/www.lorry-mardigny-patrimoine.fr\/musique\/wp-content\/uploads\/2011-09-17_Rimsky-Korsakoff_Vol_du_bourdon.webm<\/a><\/video><\/div>\n<p>\u2022 Rimsky-Korsakoff, <em>Le Vol du bourdon<\/em>, arrgt pour Marimba et deux fl\u00fbtes<\/p>\n<p>&nbsp;<\/p>\n<h4><strong><span style=\"color: #ff0000;\">Photographies<\/span><\/strong><\/h4>\n\n\t\t<style type=\"text\/css\">\n\t\t\t#gallery-1 {\n\t\t\t\tmargin: auto;\n\t\t\t}\n\t\t\t#gallery-1 .gallery-item {\n\t\t\t\tfloat: left;\n\t\t\t\tmargin-top: 10px;\n\t\t\t\ttext-align: center;\n\t\t\t\twidth: 33%;\n\t\t\t}\n\t\t\t#gallery-1 img {\n\t\t\t\tborder: 2px solid #cfcfcf;\n\t\t\t}\n\t\t\t#gallery-1 .gallery-caption {\n\t\t\t\tmargin-left: 0;\n\t\t\t}\n\t\t\t\/* see gallery_shortcode() in wp-includes\/media.php *\/\n\t\t<\/style>\n\t\t<div id='gallery-1' class='gallery galleryid-331 gallery-columns-3 gallery-size-thumbnail'><dl class='gallery-item'>\n\t\t\t<dt class='gallery-icon landscape'>\n\t\t\t\t<a href='https:\/\/www.lorry-mardigny-patrimoine.fr\/musique\/wp-content\/uploads\/2011-09-17_marimba_flutes_DSCF4281.jpg'><img loading=\"lazy\" decoding=\"async\" width=\"150\" height=\"150\" src=\"https:\/\/www.lorry-mardigny-patrimoine.fr\/musique\/wp-content\/uploads\/2011-09-17_marimba_flutes_DSCF4281-150x150.jpg\" class=\"attachment-thumbnail size-thumbnail\" alt=\"\" \/><\/a>\n\t\t\t<\/dt><\/dl><dl class='gallery-item'>\n\t\t\t<dt class='gallery-icon landscape'>\n\t\t\t\t<a href='https:\/\/www.lorry-mardigny-patrimoine.fr\/musique\/wp-content\/uploads\/2011-09-17_marimba_flutes_DSCF4340.jpg'><img loading=\"lazy\" decoding=\"async\" width=\"150\" height=\"150\" src=\"https:\/\/www.lorry-mardigny-patrimoine.fr\/musique\/wp-content\/uploads\/2011-09-17_marimba_flutes_DSCF4340-150x150.jpg\" class=\"attachment-thumbnail size-thumbnail\" alt=\"\" \/><\/a>\n\t\t\t<\/dt><\/dl><dl class='gallery-item'>\n\t\t\t<dt class='gallery-icon landscape'>\n\t\t\t\t<a href='https:\/\/www.lorry-mardigny-patrimoine.fr\/musique\/wp-content\/uploads\/2011-09-17_marimba_flutes_DSCF4330.jpg'><img loading=\"lazy\" decoding=\"async\" width=\"150\" height=\"150\" src=\"https:\/\/www.lorry-mardigny-patrimoine.fr\/musique\/wp-content\/uploads\/2011-09-17_marimba_flutes_DSCF4330-150x150.jpg\" class=\"attachment-thumbnail size-thumbnail\" alt=\"\" \/><\/a>\n\t\t\t<\/dt><\/dl><br style=\"clear: both\" \/><dl class='gallery-item'>\n\t\t\t<dt class='gallery-icon landscape'>\n\t\t\t\t<a href='https:\/\/www.lorry-mardigny-patrimoine.fr\/musique\/wp-content\/uploads\/2011-09-17_marimba_flutes_DSCF4326.jpg'><img loading=\"lazy\" decoding=\"async\" width=\"150\" height=\"150\" src=\"https:\/\/www.lorry-mardigny-patrimoine.fr\/musique\/wp-content\/uploads\/2011-09-17_marimba_flutes_DSCF4326-150x150.jpg\" class=\"attachment-thumbnail size-thumbnail\" alt=\"\" \/><\/a>\n\t\t\t<\/dt><\/dl><dl class='gallery-item'>\n\t\t\t<dt class='gallery-icon portrait'>\n\t\t\t\t<a href='https:\/\/www.lorry-mardigny-patrimoine.fr\/musique\/wp-content\/uploads\/2011-09-17_marimba_flutes_DSCF4323.jpg'><img loading=\"lazy\" decoding=\"async\" width=\"150\" height=\"150\" src=\"https:\/\/www.lorry-mardigny-patrimoine.fr\/musique\/wp-content\/uploads\/2011-09-17_marimba_flutes_DSCF4323-150x150.jpg\" class=\"attachment-thumbnail size-thumbnail\" alt=\"\" \/><\/a>\n\t\t\t<\/dt><\/dl><dl class='gallery-item'>\n\t\t\t<dt class='gallery-icon landscape'>\n\t\t\t\t<a href='https:\/\/www.lorry-mardigny-patrimoine.fr\/musique\/wp-content\/uploads\/2011-09-17_marimba_flutes_DSCF4322.jpg'><img loading=\"lazy\" decoding=\"async\" width=\"150\" height=\"150\" src=\"https:\/\/www.lorry-mardigny-patrimoine.fr\/musique\/wp-content\/uploads\/2011-09-17_marimba_flutes_DSCF4322-150x150.jpg\" class=\"attachment-thumbnail size-thumbnail\" alt=\"\" \/><\/a>\n\t\t\t<\/dt><\/dl><br style=\"clear: both\" \/><dl class='gallery-item'>\n\t\t\t<dt class='gallery-icon landscape'>\n\t\t\t\t<a href='https:\/\/www.lorry-mardigny-patrimoine.fr\/musique\/wp-content\/uploads\/2011-09-17_marimba_flutes_DSCF4321.jpg'><img loading=\"lazy\" decoding=\"async\" width=\"150\" height=\"150\" src=\"https:\/\/www.lorry-mardigny-patrimoine.fr\/musique\/wp-content\/uploads\/2011-09-17_marimba_flutes_DSCF4321-150x150.jpg\" class=\"attachment-thumbnail size-thumbnail\" alt=\"\" \/><\/a>\n\t\t\t<\/dt><\/dl><dl class='gallery-item'>\n\t\t\t<dt class='gallery-icon landscape'>\n\t\t\t\t<a href='https:\/\/www.lorry-mardigny-patrimoine.fr\/musique\/wp-content\/uploads\/2011-09-17_marimba_flutes_DSCF4320.jpg'><img loading=\"lazy\" decoding=\"async\" width=\"150\" height=\"150\" src=\"https:\/\/www.lorry-mardigny-patrimoine.fr\/musique\/wp-content\/uploads\/2011-09-17_marimba_flutes_DSCF4320-150x150.jpg\" class=\"attachment-thumbnail size-thumbnail\" alt=\"\" \/><\/a>\n\t\t\t<\/dt><\/dl><dl class='gallery-item'>\n\t\t\t<dt class='gallery-icon portrait'>\n\t\t\t\t<a href='https:\/\/www.lorry-mardigny-patrimoine.fr\/musique\/wp-content\/uploads\/2011-09-17_marimba_flutes_DSCF4313.jpg'><img loading=\"lazy\" decoding=\"async\" width=\"150\" height=\"150\" src=\"https:\/\/www.lorry-mardigny-patrimoine.fr\/musique\/wp-content\/uploads\/2011-09-17_marimba_flutes_DSCF4313-150x150.jpg\" class=\"attachment-thumbnail size-thumbnail\" alt=\"\" \/><\/a>\n\t\t\t<\/dt><\/dl><br style=\"clear: both\" \/><dl class='gallery-item'>\n\t\t\t<dt class='gallery-icon landscape'>\n\t\t\t\t<a href='https:\/\/www.lorry-mardigny-patrimoine.fr\/musique\/wp-content\/uploads\/2011-09-17_marimba_flutes_DSCF4307.jpg'><img loading=\"lazy\" decoding=\"async\" width=\"150\" height=\"150\" src=\"https:\/\/www.lorry-mardigny-patrimoine.fr\/musique\/wp-content\/uploads\/2011-09-17_marimba_flutes_DSCF4307-150x150.jpg\" class=\"attachment-thumbnail size-thumbnail\" alt=\"\" \/><\/a>\n\t\t\t<\/dt><\/dl><dl class='gallery-item'>\n\t\t\t<dt class='gallery-icon landscape'>\n\t\t\t\t<a href='https:\/\/www.lorry-mardigny-patrimoine.fr\/musique\/wp-content\/uploads\/2011-09-17_marimba_flutes_DSCF4298.jpg'><img loading=\"lazy\" decoding=\"async\" width=\"150\" height=\"150\" src=\"https:\/\/www.lorry-mardigny-patrimoine.fr\/musique\/wp-content\/uploads\/2011-09-17_marimba_flutes_DSCF4298-150x150.jpg\" class=\"attachment-thumbnail size-thumbnail\" alt=\"\" \/><\/a>\n\t\t\t<\/dt><\/dl><dl class='gallery-item'>\n\t\t\t<dt class='gallery-icon landscape'>\n\t\t\t\t<a href='https:\/\/www.lorry-mardigny-patrimoine.fr\/musique\/wp-content\/uploads\/2011-09-17_marimba_flutes_DSCF4295.jpg'><img loading=\"lazy\" decoding=\"async\" width=\"150\" height=\"150\" src=\"https:\/\/www.lorry-mardigny-patrimoine.fr\/musique\/wp-content\/uploads\/2011-09-17_marimba_flutes_DSCF4295-150x150.jpg\" class=\"attachment-thumbnail size-thumbnail\" alt=\"\" \/><\/a>\n\t\t\t<\/dt><\/dl><br style=\"clear: both\" \/><dl class='gallery-item'>\n\t\t\t<dt class='gallery-icon landscape'>\n\t\t\t\t<a href='https:\/\/www.lorry-mardigny-patrimoine.fr\/musique\/wp-content\/uploads\/2011-09-17_marimba_flutes_DSCF4289.jpg'><img loading=\"lazy\" decoding=\"async\" width=\"150\" height=\"150\" src=\"https:\/\/www.lorry-mardigny-patrimoine.fr\/musique\/wp-content\/uploads\/2011-09-17_marimba_flutes_DSCF4289-150x150.jpg\" class=\"attachment-thumbnail size-thumbnail\" alt=\"\" \/><\/a>\n\t\t\t<\/dt><\/dl><dl class='gallery-item'>\n\t\t\t<dt class='gallery-icon portrait'>\n\t\t\t\t<a href='https:\/\/www.lorry-mardigny-patrimoine.fr\/musique\/wp-content\/uploads\/2011-09-17_marimba_flutes_DSCF4283.jpg'><img loading=\"lazy\" decoding=\"async\" width=\"150\" height=\"150\" src=\"https:\/\/www.lorry-mardigny-patrimoine.fr\/musique\/wp-content\/uploads\/2011-09-17_marimba_flutes_DSCF4283-150x150.jpg\" class=\"attachment-thumbnail size-thumbnail\" alt=\"\" \/><\/a>\n\t\t\t<\/dt><\/dl><dl class='gallery-item'>\n\t\t\t<dt class='gallery-icon portrait'>\n\t\t\t\t<a href='https:\/\/www.lorry-mardigny-patrimoine.fr\/musique\/wp-content\/uploads\/2011-09-17_marimba_flutes_RL2011-10-06.jpg'><img loading=\"lazy\" decoding=\"async\" width=\"150\" height=\"150\" src=\"https:\/\/www.lorry-mardigny-patrimoine.fr\/musique\/wp-content\/uploads\/2011-09-17_marimba_flutes_RL2011-10-06-150x150.jpg\" class=\"attachment-thumbnail size-thumbnail\" alt=\"\" \/><\/a>\n\t\t\t<\/dt><\/dl><br style=\"clear: both\" \/>\n\t\t<\/div>\n\n<h4><strong><span style=\"color: #ff0000;\">Les musiciens<\/span><\/strong><\/h4>\n<p style=\"text-align: justify;\">Dominique Hollebeke est issue d\u2019une famille de musiciens elle a obtenu en 1975 le 1er prix \u00e0 l\u2019unanimit\u00e9 au Conservatoire National Sup\u00e9rieur de Musique de Paris dans la classe de Jean-Pierre Rampal. Son parcours est couronn\u00e9 de 5 prix internationaux : Vercelli (2e prix en 1976), Prague (3e prix et prix de la meilleure interpr\u00e9tation d\u2019une oeuvre tch\u00e8que en 1977), Paris (1er prix de fl\u00fbte \u00e0 l\u2019unanimit\u00e9 1\u00e8re nomm\u00e9e du concours excellence de l\u2019UFAM en 1977) et Paris (1er prix international de musique de chambre de l\u2019UFAM en 1979 en formation \u00ab fl\u00fbte-piano \u00bb).. Elle enseigne la fl\u00fbte au Conservatoire de Fresnes. Depuis une dizaine d\u2019ann\u00e9es, elle dirige l\u2019orchestre des 50 fl\u00fbtistes du Conservatoire. Elle s\u2019est sp\u00e9cialis\u00e9e dans l\u2019arrangement et la transcription pour fl\u00fbte de nombreuses \u0153uvres musicales.<\/p>\n<p style=\"text-align: justify;\">Chia-Hung Sun est n\u00e9 en 1972 \u00e0 Kaohshiung (Taiwan). Dipl\u00f4m\u00e9 en architecture et en musique, il arrive en France en 1999 o\u00f9 il \u00e9tudie au Conservatoire de Fresnes dans la classe de fl\u00fbte de Madame Dominique Hollebeke. Parall\u00e8lement il suit les cours de l&rsquo;Institut Europ\u00e9en des Techniques de la Musique au Mans (ITEMM). Install\u00e9 depuis 2002 \u00e0 Metz, il exerce le m\u00e9tier de facteur d&rsquo;instruments \u00e0 vent et participe \u00e0 diverses formations musicales dans diff\u00e9rents pupitres.<\/p>\n<p style=\"text-align: justify;\">Nicolas Deschamps est n\u00e9 le 17 janvier 1989. Il \u00e9tudie la fl\u00fbte depuis l\u2019\u00e2ge de 8 ans, il a travaill\u00e9 dans la classe de fl\u00fbte de Monsieur Jean-Christophe Monteillet. Il occupe la place de fl\u00fbte solo \u00e0 l\u2019Harmonie municipale de Yutz. Il a choisi d\u2019exercer sa carri\u00e8re professionnelle en tant que facteur d\u2019instruments \u00e0 vent.<\/p>\n<p style=\"text-align: justify;\">Emmanuel Hollebeke, n\u00e9 le 29 janvier 1990, commence le piano \u00e0 l&rsquo;\u00e2ge de 5 ans avec Nicole Simon Laroche puis se dirige deux ans plus tard vers les percussions qu\u2019il \u00e9tudie avec Fran\u00e7ois Vilac\u00e8que au CRD (Conservatoire \u00e0 Rayonnement D\u00e9partemental) de Bourg-La-Reine\/Sceaux (92). En 2008, il se perfectionne avec Francis Brana au CRD de Cr\u00e9teil (94) et entre \u00e0 l\u2019unanimit\u00e9 au CNSMDP (Conservatoire National Sup\u00e9rieur de Musique et Danse de Paris) o\u00f9 il travaille depuis septembre 2009 avec Michel Cerutti. Passionn\u00e9 par le r\u00e9pertoire symphonique orchestral, il a jou\u00e9 avec l\u2019orchestre de Paris et l\u2019Orchestre Philharmonique de Radio France avec lequel il a \u00e9t\u00e9 dirig\u00e9 par Esa-Pekka Salonen \u00e0 l\u2019occasion du festival Pr\u00e9sences au Th\u00e9\u00e2tre du Ch\u00e2telet. Il a jou\u00e9 en ao\u00fbt 2011 sous la direction de Sir Colin Davis avec le Gustav Mahler Jugendorchester.<\/p>\n","protected":false},"excerpt":{"rendered":"<p>Nous devons \u00e0 Chia-Hung Sun le choix du th\u00e8me et du programme de ce concert <a class=\"more-link\" href=\"https:\/\/www.lorry-mardigny-patrimoine.fr\/musique\/flutes-et-marimba-17-septembre-2011\/\">Lire plus &#8230;<\/a><\/p>\n","protected":false},"author":1,"featured_media":360,"comment_status":"closed","ping_status":"closed","sticky":false,"template":"","format":"standard","meta":{"footnotes":""},"categories":[3],"tags":[4,11,12],"class_list":["post-331","post","type-post","status-publish","format-standard","has-post-thumbnail","hentry","category-programme-instrumental","tag-eglise-ste-croix","tag-flute-traversiere","tag-marimba"],"_links":{"self":[{"href":"https:\/\/www.lorry-mardigny-patrimoine.fr\/musique\/wp-json\/wp\/v2\/posts\/331","targetHints":{"allow":["GET"]}}],"collection":[{"href":"https:\/\/www.lorry-mardigny-patrimoine.fr\/musique\/wp-json\/wp\/v2\/posts"}],"about":[{"href":"https:\/\/www.lorry-mardigny-patrimoine.fr\/musique\/wp-json\/wp\/v2\/types\/post"}],"author":[{"embeddable":true,"href":"https:\/\/www.lorry-mardigny-patrimoine.fr\/musique\/wp-json\/wp\/v2\/users\/1"}],"replies":[{"embeddable":true,"href":"https:\/\/www.lorry-mardigny-patrimoine.fr\/musique\/wp-json\/wp\/v2\/comments?post=331"}],"version-history":[{"count":0,"href":"https:\/\/www.lorry-mardigny-patrimoine.fr\/musique\/wp-json\/wp\/v2\/posts\/331\/revisions"}],"wp:featuredmedia":[{"embeddable":true,"href":"https:\/\/www.lorry-mardigny-patrimoine.fr\/musique\/wp-json\/wp\/v2\/media\/360"}],"wp:attachment":[{"href":"https:\/\/www.lorry-mardigny-patrimoine.fr\/musique\/wp-json\/wp\/v2\/media?parent=331"}],"wp:term":[{"taxonomy":"category","embeddable":true,"href":"https:\/\/www.lorry-mardigny-patrimoine.fr\/musique\/wp-json\/wp\/v2\/categories?post=331"},{"taxonomy":"post_tag","embeddable":true,"href":"https:\/\/www.lorry-mardigny-patrimoine.fr\/musique\/wp-json\/wp\/v2\/tags?post=331"}],"curies":[{"name":"wp","href":"https:\/\/api.w.org\/{rel}","templated":true}]}}