{"id":368,"date":"2011-05-28T09:03:39","date_gmt":"2011-05-28T08:03:39","guid":{"rendered":"http:\/\/www.lorry-mardigny-patrimoine.fr\/musique\/?p=368"},"modified":"2024-12-14T15:24:39","modified_gmt":"2024-12-14T14:24:39","slug":"fame-28-mai-2011","status":"publish","type":"post","link":"https:\/\/www.lorry-mardigny-patrimoine.fr\/musique\/fame-28-mai-2011\/","title":{"rendered":"Fame &#8211; 28 mai 2011"},"content":{"rendered":"<p style=\"text-align: justify;\">Fid\u00e8le \u00e0 Lorry-Mardigny, l&rsquo;Ensemble vocal f\u00e9minin Fame s&rsquo;est produit <em>a cappella<\/em>\u00a0 dans l&rsquo;\u00e9glise St Laurent de Mardigny dont il a appr\u00e9ci\u00e9 l&rsquo;acoustique.<\/p>\n<p style=\"text-align: justify;\"><!--more-->\u00ab\u00a0Au-del\u00e0 des fronti\u00e8res\u00a0\u00bb, tel \u00e9tait le th\u00e8me du concert de ce samedi 28 mai, avec des oeuvres de Schumann, Bartok et Schmitt et une d\u00e9couverte : la <em>Messe en La mineur<\/em>, de Marcel Gennaro.<\/p>\n<p><a href=\"http:\/\/www.lorry-mardigny-patrimoine.fr\/musique\/wp-content\/uploads\/2011-05-28_Fame_programme.pdf\" target=\"_blank\" rel=\"noopener\"><span style=\"color: #ff0000;\">Programme<\/span><\/a> (format pdf)<\/p>\n<p><strong><span style=\"color: #ff0000;\">Extraits du concert :<\/span><\/strong><\/p>\n<p>Robert Schumann, <a href=\"http:\/\/www.lorry-mardigny-patrimoine.fr\/musique\/wp-content\/uploads\/2011-05-28_Fame_01_Schumann_Der_Wassermann.mp3\" target=\"_blank\" rel=\"noopener\"><em>Der Wassermann<\/em><\/a> (Le verseau)<\/p>\n<audio class=\"wp-audio-shortcode\" id=\"audio-368-1\" preload=\"none\" style=\"width: 100%;\" controls=\"controls\"><source type=\"audio\/mpeg\" src=\"https:\/\/www.lorry-mardigny-patrimoine.fr\/musique\/wp-content\/uploads\/2011-05-28_Fame_01_Schumann_Der_Wassermann.mp3?_=1\" \/><a href=\"https:\/\/www.lorry-mardigny-patrimoine.fr\/musique\/wp-content\/uploads\/2011-05-28_Fame_01_Schumann_Der_Wassermann.mp3\">https:\/\/www.lorry-mardigny-patrimoine.fr\/musique\/wp-content\/uploads\/2011-05-28_Fame_01_Schumann_Der_Wassermann.mp3<\/a><\/audio>\n<p>&nbsp;<\/p>\n<p>Robert Schumann, <a href=\"http:\/\/www.lorry-mardigny-patrimoine.fr\/musique\/wp-content\/uploads\/2011-05-28_Fame_03_Schumann_Soldatenbraut.mp3\" target=\"_blank\" rel=\"noopener\"><em>Soldatenbraut<\/em><\/a> (La fianc\u00e9e du soldat)<\/p>\n<audio class=\"wp-audio-shortcode\" id=\"audio-368-2\" preload=\"none\" style=\"width: 100%;\" controls=\"controls\"><source type=\"audio\/mpeg\" src=\"https:\/\/www.lorry-mardigny-patrimoine.fr\/musique\/wp-content\/uploads\/2011-05-28_Fame_03_Schumann_Soldatenbraut.mp3?_=2\" \/><a href=\"https:\/\/www.lorry-mardigny-patrimoine.fr\/musique\/wp-content\/uploads\/2011-05-28_Fame_03_Schumann_Soldatenbraut.mp3\">https:\/\/www.lorry-mardigny-patrimoine.fr\/musique\/wp-content\/uploads\/2011-05-28_Fame_03_Schumann_Soldatenbraut.mp3<\/a><\/audio>\n<p>&nbsp;<\/p>\n<p>B\u00e9la Bartok, <a href=\"http:\/\/www.lorry-mardigny-patrimoine.fr\/musique\/wp-content\/uploads\/2011-05-28_Fame_11_Bartok_Mihalynapi_Koszonto.mp3\" target=\"_blank\" rel=\"noopener\"><em>Mih\u00e1lynapi K\u00f6sz\u00f6nt\u00f5<\/em><\/a> (Chant de la Saint Michel)<\/p>\n<audio class=\"wp-audio-shortcode\" id=\"audio-368-3\" preload=\"none\" style=\"width: 100%;\" controls=\"controls\"><source type=\"audio\/mpeg\" src=\"https:\/\/www.lorry-mardigny-patrimoine.fr\/musique\/wp-content\/uploads\/2011-05-28_Fame_11_Bartok_Mihalynapi_Koszonto.mp3?_=3\" \/><a href=\"https:\/\/www.lorry-mardigny-patrimoine.fr\/musique\/wp-content\/uploads\/2011-05-28_Fame_11_Bartok_Mihalynapi_Koszonto.mp3\">https:\/\/www.lorry-mardigny-patrimoine.fr\/musique\/wp-content\/uploads\/2011-05-28_Fame_11_Bartok_Mihalynapi_Koszonto.mp3<\/a><\/audio>\n<p>&nbsp;<\/p>\n<p>B\u00e9la Bartok, <a href=\"http:\/\/www.lorry-mardigny-patrimoine.fr\/musique\/wp-content\/uploads\/2011-05-28_Fame_12_Bartok_Parnas_Tancdal.mp3\" target=\"_blank\" rel=\"noopener\"><em>P\u00e1rn\u00e1s T\u00e1ncdal<\/em><\/a> (Danse du coussin)<\/p>\n<audio class=\"wp-audio-shortcode\" id=\"audio-368-4\" preload=\"none\" style=\"width: 100%;\" controls=\"controls\"><source type=\"audio\/mpeg\" src=\"https:\/\/www.lorry-mardigny-patrimoine.fr\/musique\/wp-content\/uploads\/2011-05-28_Fame_12_Bartok_Parnas_Tancdal.mp3?_=4\" \/><a href=\"https:\/\/www.lorry-mardigny-patrimoine.fr\/musique\/wp-content\/uploads\/2011-05-28_Fame_12_Bartok_Parnas_Tancdal.mp3\">https:\/\/www.lorry-mardigny-patrimoine.fr\/musique\/wp-content\/uploads\/2011-05-28_Fame_12_Bartok_Parnas_Tancdal.mp3<\/a><\/audio>\n<p>&nbsp;<\/p>\n<p>B\u00e9la Bartok, <a href=\"http:\/\/www.lorry-mardigny-patrimoine.fr\/musique\/wp-content\/uploads\/2011-05-28_Fame_19_Bartok_Leanykero.mp3\" target=\"_blank\" rel=\"noopener\"><em>Le\u00e1nyk\u00e9r\u00f5<\/em><\/a> (Demande en mariage)<\/p>\n<audio class=\"wp-audio-shortcode\" id=\"audio-368-5\" preload=\"none\" style=\"width: 100%;\" controls=\"controls\"><source type=\"audio\/mpeg\" src=\"https:\/\/www.lorry-mardigny-patrimoine.fr\/musique\/wp-content\/uploads\/2011-05-28_Fame_19_Bartok_Leanykero.mp3?_=5\" \/><a href=\"https:\/\/www.lorry-mardigny-patrimoine.fr\/musique\/wp-content\/uploads\/2011-05-28_Fame_19_Bartok_Leanykero.mp3\">https:\/\/www.lorry-mardigny-patrimoine.fr\/musique\/wp-content\/uploads\/2011-05-28_Fame_19_Bartok_Leanykero.mp3<\/a><\/audio>\n<p style=\"text-align: justify;\"><strong><span style=\"color: #ff0000;\">Photographies :<\/span><\/strong><\/p>\n\n\t\t<style type=\"text\/css\">\n\t\t\t#gallery-1 {\n\t\t\t\tmargin: auto;\n\t\t\t}\n\t\t\t#gallery-1 .gallery-item {\n\t\t\t\tfloat: left;\n\t\t\t\tmargin-top: 10px;\n\t\t\t\ttext-align: center;\n\t\t\t\twidth: 33%;\n\t\t\t}\n\t\t\t#gallery-1 img {\n\t\t\t\tborder: 2px solid #cfcfcf;\n\t\t\t}\n\t\t\t#gallery-1 .gallery-caption {\n\t\t\t\tmargin-left: 0;\n\t\t\t}\n\t\t\t\/* see gallery_shortcode() in wp-includes\/media.php *\/\n\t\t<\/style>\n\t\t<div id='gallery-1' class='gallery galleryid-368 gallery-columns-3 gallery-size-thumbnail'><dl class='gallery-item'>\n\t\t\t<dt class='gallery-icon landscape'>\n\t\t\t\t<a href='https:\/\/www.lorry-mardigny-patrimoine.fr\/musique\/wp-content\/uploads\/2011-05-28_Fame_IMGP9654.jpg'><img loading=\"lazy\" decoding=\"async\" width=\"150\" height=\"150\" src=\"https:\/\/www.lorry-mardigny-patrimoine.fr\/musique\/wp-content\/uploads\/2011-05-28_Fame_IMGP9654-150x150.jpg\" class=\"attachment-thumbnail size-thumbnail\" alt=\"\" aria-describedby=\"gallery-1-374\" \/><\/a>\n\t\t\t<\/dt>\n\t\t\t\t<dd class='wp-caption-text gallery-caption' id='gallery-1-374'>\n\t\t\t\tFame \u00e0 Mardigny\n\t\t\t\t<\/dd><\/dl><dl class='gallery-item'>\n\t\t\t<dt class='gallery-icon landscape'>\n\t\t\t\t<a href='https:\/\/www.lorry-mardigny-patrimoine.fr\/musique\/wp-content\/uploads\/2011-05-28_Fame_IMGP9655.jpg'><img loading=\"lazy\" decoding=\"async\" width=\"150\" height=\"150\" src=\"https:\/\/www.lorry-mardigny-patrimoine.fr\/musique\/wp-content\/uploads\/2011-05-28_Fame_IMGP9655-150x150.jpg\" class=\"attachment-thumbnail size-thumbnail\" alt=\"\" \/><\/a>\n\t\t\t<\/dt><\/dl><dl class='gallery-item'>\n\t\t\t<dt class='gallery-icon landscape'>\n\t\t\t\t<a href='https:\/\/www.lorry-mardigny-patrimoine.fr\/musique\/wp-content\/uploads\/2011-05-28_Fame_IMGP9657.jpg'><img loading=\"lazy\" decoding=\"async\" width=\"150\" height=\"150\" src=\"https:\/\/www.lorry-mardigny-patrimoine.fr\/musique\/wp-content\/uploads\/2011-05-28_Fame_IMGP9657-150x150.jpg\" class=\"attachment-thumbnail size-thumbnail\" alt=\"\" \/><\/a>\n\t\t\t<\/dt><\/dl><br style=\"clear: both\" \/><dl class='gallery-item'>\n\t\t\t<dt class='gallery-icon landscape'>\n\t\t\t\t<a href='https:\/\/www.lorry-mardigny-patrimoine.fr\/musique\/wp-content\/uploads\/2011-05-28_Fame_IMGP9660.jpg'><img loading=\"lazy\" decoding=\"async\" width=\"150\" height=\"150\" src=\"https:\/\/www.lorry-mardigny-patrimoine.fr\/musique\/wp-content\/uploads\/2011-05-28_Fame_IMGP9660-150x150.jpg\" class=\"attachment-thumbnail size-thumbnail\" alt=\"\" \/><\/a>\n\t\t\t<\/dt><\/dl><dl class='gallery-item'>\n\t\t\t<dt class='gallery-icon landscape'>\n\t\t\t\t<a href='https:\/\/www.lorry-mardigny-patrimoine.fr\/musique\/wp-content\/uploads\/2011-05-28_Fame_IMGP9675.jpg'><img loading=\"lazy\" decoding=\"async\" width=\"150\" height=\"150\" src=\"https:\/\/www.lorry-mardigny-patrimoine.fr\/musique\/wp-content\/uploads\/2011-05-28_Fame_IMGP9675-150x150.jpg\" class=\"attachment-thumbnail size-thumbnail\" alt=\"\" aria-describedby=\"gallery-1-380\" \/><\/a>\n\t\t\t<\/dt>\n\t\t\t\t<dd class='wp-caption-text gallery-caption' id='gallery-1-380'>\n\t\t\t\tcaf\u00e9 de fin de concert\n\t\t\t\t<\/dd><\/dl><dl class='gallery-item'>\n\t\t\t<dt class='gallery-icon landscape'>\n\t\t\t\t<a href='https:\/\/www.lorry-mardigny-patrimoine.fr\/musique\/wp-content\/uploads\/2011-05-28_Fame_IMGP9670.jpg'><img loading=\"lazy\" decoding=\"async\" width=\"150\" height=\"150\" src=\"https:\/\/www.lorry-mardigny-patrimoine.fr\/musique\/wp-content\/uploads\/2011-05-28_Fame_IMGP9670-150x150.jpg\" class=\"attachment-thumbnail size-thumbnail\" alt=\"\" \/><\/a>\n\t\t\t<\/dt><\/dl><br style=\"clear: both\" \/>\n\t\t<\/div>\n\n<p style=\"text-align: justify;\">\n","protected":false},"excerpt":{"rendered":"<p>Fid\u00e8le \u00e0 Lorry-Mardigny, l&rsquo;Ensemble vocal f\u00e9minin Fame s&rsquo;est produit a cappella\u00a0 dans l&rsquo;\u00e9glise St Laurent <a class=\"more-link\" href=\"https:\/\/www.lorry-mardigny-patrimoine.fr\/musique\/fame-28-mai-2011\/\">Lire plus &#8230;<\/a><\/p>\n","protected":false},"author":1,"featured_media":375,"comment_status":"closed","ping_status":"closed","sticky":false,"template":"","format":"standard","meta":{"footnotes":""},"categories":[2],"tags":[8],"class_list":["post-368","post","type-post","status-publish","format-standard","has-post-thumbnail","hentry","category-programme-vocal-a-cappella","tag-eglise-st-laurent"],"_links":{"self":[{"href":"https:\/\/www.lorry-mardigny-patrimoine.fr\/musique\/wp-json\/wp\/v2\/posts\/368","targetHints":{"allow":["GET"]}}],"collection":[{"href":"https:\/\/www.lorry-mardigny-patrimoine.fr\/musique\/wp-json\/wp\/v2\/posts"}],"about":[{"href":"https:\/\/www.lorry-mardigny-patrimoine.fr\/musique\/wp-json\/wp\/v2\/types\/post"}],"author":[{"embeddable":true,"href":"https:\/\/www.lorry-mardigny-patrimoine.fr\/musique\/wp-json\/wp\/v2\/users\/1"}],"replies":[{"embeddable":true,"href":"https:\/\/www.lorry-mardigny-patrimoine.fr\/musique\/wp-json\/wp\/v2\/comments?post=368"}],"version-history":[{"count":0,"href":"https:\/\/www.lorry-mardigny-patrimoine.fr\/musique\/wp-json\/wp\/v2\/posts\/368\/revisions"}],"wp:featuredmedia":[{"embeddable":true,"href":"https:\/\/www.lorry-mardigny-patrimoine.fr\/musique\/wp-json\/wp\/v2\/media\/375"}],"wp:attachment":[{"href":"https:\/\/www.lorry-mardigny-patrimoine.fr\/musique\/wp-json\/wp\/v2\/media?parent=368"}],"wp:term":[{"taxonomy":"category","embeddable":true,"href":"https:\/\/www.lorry-mardigny-patrimoine.fr\/musique\/wp-json\/wp\/v2\/categories?post=368"},{"taxonomy":"post_tag","embeddable":true,"href":"https:\/\/www.lorry-mardigny-patrimoine.fr\/musique\/wp-json\/wp\/v2\/tags?post=368"}],"curies":[{"name":"wp","href":"https:\/\/api.w.org\/{rel}","templated":true}]}}