{"id":385,"date":"2011-12-10T12:23:31","date_gmt":"2011-12-10T11:23:31","guid":{"rendered":"http:\/\/www.lorry-mardigny-patrimoine.fr\/musique\/?p=385"},"modified":"2021-11-26T19:34:36","modified_gmt":"2021-11-26T18:34:36","slug":"accordeons-du-val-de-metz-chorale-lutherienne-10-dec-2011","status":"publish","type":"post","link":"https:\/\/www.lorry-mardigny-patrimoine.fr\/musique\/accordeons-du-val-de-metz-chorale-lutherienne-10-dec-2011\/","title":{"rendered":"Accord\u00e9ons du Val de Metz &#8211; Chorale luth\u00e9rienne &#8211; 10 d\u00e9c. 2011"},"content":{"rendered":"<p style=\"text-align: justify;\">L&rsquo;Ensemble d&rsquo;accord\u00e9ons du Val de Metz, ses juniors, et la Chorale luth\u00e9rienne de Metz se sont associ\u00e9s pour composer ce programme du concert de l&rsquo;Avent 2011.<\/p>\n<p style=\"text-align: justify;\"><!--more--><\/p>\n<p style=\"text-align: justify;\">Le programme choisi nous a permis d&rsquo;entendre des pi\u00e8ces classiques comme des chants traditionnels de No\u00ebl et des pi\u00e8ces contemporaines.<\/p>\n<p style=\"text-align: center;\"><strong>1. Programme<\/strong><\/p>\n<p style=\"text-align: center;\"><strong>2. Extraits du concert<\/strong><\/p>\n<p style=\"text-align: center;\"><strong>3. Photographies<\/strong><\/p>\n<p><a href=\"http:\/\/www.lorry-mardigny-patrimoine.fr\/musique\/wp-content\/uploads\/2011-12-10Accordeons_Ch_Lutherienne_Programme.jpg\" target=\"_blank\" rel=\"noopener\"><strong><span style=\"color: #ff0000;\">Programme<\/span><\/strong><\/a> (pdf)<\/p>\n<p><strong><span style=\"color: #ff0000;\">Extraits du concert :<\/span><\/strong><\/p>\n<p>\u2022 Extraits de la belle chanson de France : <a href=\"http:\/\/www.lorry-mardigny-patrimoine.fr\/musique\/wp-content\/uploads\/01_chanson_de_France.mp3\" target=\"_blank\" rel=\"noopener\"><em>Rossignolet au bois, Les trois princesses au pommier doux, Chants d&rsquo;\u00e9t\u00e9<\/em><\/a>, par les Juniors de l&rsquo;Ensemble d&rsquo;accord\u00e9ons du Val de Metz<\/p>\n<audio class=\"wp-audio-shortcode\" id=\"audio-385-1\" preload=\"none\" style=\"width: 100%;\" controls=\"controls\"><source type=\"audio\/mpeg\" src=\"http:\/\/www.lorry-mardigny-patrimoine.fr\/musique\/wp-content\/uploads\/01_chanson_de_France.mp3?_=1\" \/><a href=\"http:\/\/www.lorry-mardigny-patrimoine.fr\/musique\/wp-content\/uploads\/01_chanson_de_France.mp3\">http:\/\/www.lorry-mardigny-patrimoine.fr\/musique\/wp-content\/uploads\/01_chanson_de_France.mp3<\/a><\/audio>\n<p>&nbsp;<\/p>\n<p>\u2022 Domenico Scarlatti, <a href=\"http:\/\/www.lorry-mardigny-patrimoine.fr\/musique\/wp-content\/uploads\/03_Scarlatti_Sonate.mp3\" target=\"_blank\" rel=\"noopener\"><em>Sonate K513 en Do majeur<\/em><\/a> (andante et molto allegro), par Rapha\u00ebl Aubertin<\/p>\n<audio class=\"wp-audio-shortcode\" id=\"audio-385-2\" preload=\"none\" style=\"width: 100%;\" controls=\"controls\"><source type=\"audio\/mpeg\" src=\"http:\/\/www.lorry-mardigny-patrimoine.fr\/musique\/wp-content\/uploads\/03_Scarlatti_Sonate.mp3?_=2\" \/><a href=\"http:\/\/www.lorry-mardigny-patrimoine.fr\/musique\/wp-content\/uploads\/03_Scarlatti_Sonate.mp3\">http:\/\/www.lorry-mardigny-patrimoine.fr\/musique\/wp-content\/uploads\/03_Scarlatti_Sonate.mp3<\/a><\/audio>\n<p>&nbsp;<\/p>\n<p>\u2022 Jacquet de Berchem, <a href=\"http:\/\/www.lorry-mardigny-patrimoine.fr\/musique\/wp-content\/uploads\/08_O_Jesu_Christe.mp3\" target=\"_blank\" rel=\"noopener\"><em>O Jesu Christe<\/em><\/a>, par la Chorale luth\u00e9rienne de Metz<\/p>\n<audio class=\"wp-audio-shortcode\" id=\"audio-385-3\" preload=\"none\" style=\"width: 100%;\" controls=\"controls\"><source type=\"audio\/mpeg\" src=\"http:\/\/www.lorry-mardigny-patrimoine.fr\/musique\/wp-content\/uploads\/08_O_Jesu_Christe.mp3?_=3\" \/><a href=\"http:\/\/www.lorry-mardigny-patrimoine.fr\/musique\/wp-content\/uploads\/08_O_Jesu_Christe.mp3\">http:\/\/www.lorry-mardigny-patrimoine.fr\/musique\/wp-content\/uploads\/08_O_Jesu_Christe.mp3<\/a><\/audio>\n<p>&nbsp;<\/p>\n<p>\u2022 J.P. Rameau, <a href=\"http:\/\/www.lorry-mardigny-patrimoine.fr\/musique\/wp-content\/uploads\/09_La_nuit.mp3\" target=\"_blank\" rel=\"noopener\">La nuit<\/a>, par la Chorale luth\u00e9rienne de Metz<\/p>\n<audio class=\"wp-audio-shortcode\" id=\"audio-385-4\" preload=\"none\" style=\"width: 100%;\" controls=\"controls\"><source type=\"audio\/mpeg\" src=\"http:\/\/www.lorry-mardigny-patrimoine.fr\/musique\/wp-content\/uploads\/09_La_nuit.mp3?_=4\" \/><a href=\"http:\/\/www.lorry-mardigny-patrimoine.fr\/musique\/wp-content\/uploads\/09_La_nuit.mp3\">http:\/\/www.lorry-mardigny-patrimoine.fr\/musique\/wp-content\/uploads\/09_La_nuit.mp3<\/a><\/audio>\n<p>&nbsp;<\/p>\n<p>\u2022 <a href=\"http:\/\/www.lorry-mardigny-patrimoine.fr\/musique\/wp-content\/uploads\/10_Chant_de_l_Avent.mp3\" target=\"_blank\" rel=\"noopener\"><em>Chant de l&rsquo;Avent<\/em><\/a>, par la Chorale luth\u00e9rienne de Metz<\/p>\n<audio class=\"wp-audio-shortcode\" id=\"audio-385-5\" preload=\"none\" style=\"width: 100%;\" controls=\"controls\"><source type=\"audio\/mpeg\" src=\"http:\/\/www.lorry-mardigny-patrimoine.fr\/musique\/wp-content\/uploads\/10_Chant_de_l_Avent.mp3?_=5\" \/><a href=\"http:\/\/www.lorry-mardigny-patrimoine.fr\/musique\/wp-content\/uploads\/10_Chant_de_l_Avent.mp3\">http:\/\/www.lorry-mardigny-patrimoine.fr\/musique\/wp-content\/uploads\/10_Chant_de_l_Avent.mp3<\/a><\/audio>\n<p>&nbsp;<\/p>\n<p>\u2022 <a href=\"http:\/\/www.lorry-mardigny-patrimoine.fr\/musique\/wp-content\/uploads\/12_Stille_Nacht.mp3\" target=\"_blank\" rel=\"noopener\"><em>Stille Nacht<\/em><\/a>, par la Chorale luth\u00e9rienne de Metz<\/p>\n<audio class=\"wp-audio-shortcode\" id=\"audio-385-6\" preload=\"none\" style=\"width: 100%;\" controls=\"controls\"><source type=\"audio\/mpeg\" src=\"http:\/\/www.lorry-mardigny-patrimoine.fr\/musique\/wp-content\/uploads\/12_Stille_Nacht.mp3?_=6\" \/><a href=\"http:\/\/www.lorry-mardigny-patrimoine.fr\/musique\/wp-content\/uploads\/12_Stille_Nacht.mp3\">http:\/\/www.lorry-mardigny-patrimoine.fr\/musique\/wp-content\/uploads\/12_Stille_Nacht.mp3<\/a><\/audio>\n<p>&nbsp;<\/p>\n<p>\u2022 J.S. Bach, <a href=\"http:\/\/www.lorry-mardigny-patrimoine.fr\/musique\/wp-content\/uploads\/13_Aria_Bach.mp3\" target=\"_blank\" rel=\"noopener\"><em>Aria de la Suite n\u00b03 pour orchestre BWV 1068<\/em><\/a>, par l&rsquo;Ensemble d&rsquo;accord\u00e9ons du Val de Metz<\/p>\n<audio class=\"wp-audio-shortcode\" id=\"audio-385-7\" preload=\"none\" style=\"width: 100%;\" controls=\"controls\"><source type=\"audio\/mpeg\" src=\"http:\/\/www.lorry-mardigny-patrimoine.fr\/musique\/wp-content\/uploads\/13_Aria_Bach.mp3?_=7\" \/><a href=\"http:\/\/www.lorry-mardigny-patrimoine.fr\/musique\/wp-content\/uploads\/13_Aria_Bach.mp3\">http:\/\/www.lorry-mardigny-patrimoine.fr\/musique\/wp-content\/uploads\/13_Aria_Bach.mp3<\/a><\/audio>\n<p><strong><span style=\"color: #ff0000;\">Photographies<\/span><\/strong><\/p>\n\n\t\t<style type=\"text\/css\">\n\t\t\t#gallery-1 {\n\t\t\t\tmargin: auto;\n\t\t\t}\n\t\t\t#gallery-1 .gallery-item {\n\t\t\t\tfloat: left;\n\t\t\t\tmargin-top: 10px;\n\t\t\t\ttext-align: center;\n\t\t\t\twidth: 33%;\n\t\t\t}\n\t\t\t#gallery-1 img {\n\t\t\t\tborder: 2px solid #cfcfcf;\n\t\t\t}\n\t\t\t#gallery-1 .gallery-caption {\n\t\t\t\tmargin-left: 0;\n\t\t\t}\n\t\t\t\/* see gallery_shortcode() in wp-includes\/media.php *\/\n\t\t<\/style>\n\t\t<div id='gallery-1' class='gallery galleryid-385 gallery-columns-3 gallery-size-thumbnail'><dl class='gallery-item'>\n\t\t\t<dt class='gallery-icon landscape'>\n\t\t\t\t<a href='https:\/\/www.lorry-mardigny-patrimoine.fr\/musique\/wp-content\/uploads\/2011-12-10Accordeons_Ch_Lutherienne_11122011.jpg'><img loading=\"lazy\" decoding=\"async\" width=\"150\" height=\"150\" src=\"https:\/\/www.lorry-mardigny-patrimoine.fr\/musique\/wp-content\/uploads\/2011-12-10Accordeons_Ch_Lutherienne_11122011-150x150.jpg\" class=\"attachment-thumbnail size-thumbnail\" alt=\"\" \/><\/a>\n\t\t\t<\/dt><\/dl><dl class='gallery-item'>\n\t\t\t<dt class='gallery-icon landscape'>\n\t\t\t\t<a href='https:\/\/www.lorry-mardigny-patrimoine.fr\/musique\/wp-content\/uploads\/2011-12-10Accordeons_Ch_Lutherienne_DSCF5178.jpg'><img loading=\"lazy\" decoding=\"async\" width=\"150\" height=\"150\" src=\"https:\/\/www.lorry-mardigny-patrimoine.fr\/musique\/wp-content\/uploads\/2011-12-10Accordeons_Ch_Lutherienne_DSCF5178-150x150.jpg\" class=\"attachment-thumbnail size-thumbnail\" alt=\"\" \/><\/a>\n\t\t\t<\/dt><\/dl><dl class='gallery-item'>\n\t\t\t<dt class='gallery-icon landscape'>\n\t\t\t\t<a href='https:\/\/www.lorry-mardigny-patrimoine.fr\/musique\/wp-content\/uploads\/2011-12-10Accordeons_Ch_Lutherienne_DSCF5193.jpg'><img loading=\"lazy\" decoding=\"async\" width=\"150\" height=\"150\" src=\"https:\/\/www.lorry-mardigny-patrimoine.fr\/musique\/wp-content\/uploads\/2011-12-10Accordeons_Ch_Lutherienne_DSCF5193-150x150.jpg\" class=\"attachment-thumbnail size-thumbnail\" alt=\"\" \/><\/a>\n\t\t\t<\/dt><\/dl><br style=\"clear: both\" \/><dl class='gallery-item'>\n\t\t\t<dt class='gallery-icon landscape'>\n\t\t\t\t<a href='https:\/\/www.lorry-mardigny-patrimoine.fr\/musique\/wp-content\/uploads\/2011-12-10Accordeons_Ch_Lutherienne_IMGP6848.jpg'><img loading=\"lazy\" decoding=\"async\" width=\"150\" height=\"150\" src=\"https:\/\/www.lorry-mardigny-patrimoine.fr\/musique\/wp-content\/uploads\/2011-12-10Accordeons_Ch_Lutherienne_IMGP6848-150x150.jpg\" class=\"attachment-thumbnail size-thumbnail\" alt=\"\" \/><\/a>\n\t\t\t<\/dt><\/dl><dl class='gallery-item'>\n\t\t\t<dt class='gallery-icon landscape'>\n\t\t\t\t<a href='https:\/\/www.lorry-mardigny-patrimoine.fr\/musique\/wp-content\/uploads\/2011-12-10Accordeons_Ch_Lutherienne_IMGP6850.jpg'><img loading=\"lazy\" decoding=\"async\" width=\"150\" height=\"150\" src=\"https:\/\/www.lorry-mardigny-patrimoine.fr\/musique\/wp-content\/uploads\/2011-12-10Accordeons_Ch_Lutherienne_IMGP6850-150x150.jpg\" class=\"attachment-thumbnail size-thumbnail\" alt=\"\" srcset=\"https:\/\/www.lorry-mardigny-patrimoine.fr\/musique\/wp-content\/uploads\/2011-12-10Accordeons_Ch_Lutherienne_IMGP6850-150x150.jpg 150w, https:\/\/www.lorry-mardigny-patrimoine.fr\/musique\/wp-content\/uploads\/2011-12-10Accordeons_Ch_Lutherienne_IMGP6850-400x400.jpg 400w, https:\/\/www.lorry-mardigny-patrimoine.fr\/musique\/wp-content\/uploads\/2011-12-10Accordeons_Ch_Lutherienne_IMGP6850.jpg 950w\" sizes=\"auto, (max-width: 150px) 100vw, 150px\" \/><\/a>\n\t\t\t<\/dt><\/dl><dl class='gallery-item'>\n\t\t\t<dt class='gallery-icon landscape'>\n\t\t\t\t<a href='https:\/\/www.lorry-mardigny-patrimoine.fr\/musique\/wp-content\/uploads\/2011-12-10Accordeons_Ch_Lutherienne_IMGP6852.jpg'><img loading=\"lazy\" decoding=\"async\" width=\"150\" height=\"150\" src=\"https:\/\/www.lorry-mardigny-patrimoine.fr\/musique\/wp-content\/uploads\/2011-12-10Accordeons_Ch_Lutherienne_IMGP6852-150x150.jpg\" class=\"attachment-thumbnail size-thumbnail\" alt=\"\" \/><\/a>\n\t\t\t<\/dt><\/dl><br style=\"clear: both\" \/><dl class='gallery-item'>\n\t\t\t<dt class='gallery-icon landscape'>\n\t\t\t\t<a href='https:\/\/www.lorry-mardigny-patrimoine.fr\/musique\/wp-content\/uploads\/2011-12-10Accordeons_Ch_Lutherienne_IMGP6856.jpg'><img loading=\"lazy\" decoding=\"async\" width=\"150\" height=\"150\" src=\"https:\/\/www.lorry-mardigny-patrimoine.fr\/musique\/wp-content\/uploads\/2011-12-10Accordeons_Ch_Lutherienne_IMGP6856-150x150.jpg\" class=\"attachment-thumbnail size-thumbnail\" alt=\"\" \/><\/a>\n\t\t\t<\/dt><\/dl><dl class='gallery-item'>\n\t\t\t<dt class='gallery-icon landscape'>\n\t\t\t\t<a href='https:\/\/www.lorry-mardigny-patrimoine.fr\/musique\/wp-content\/uploads\/2011-12-10Accordeons_Ch_Lutherienne_IMGP6861.jpg'><img loading=\"lazy\" decoding=\"async\" width=\"150\" height=\"150\" src=\"https:\/\/www.lorry-mardigny-patrimoine.fr\/musique\/wp-content\/uploads\/2011-12-10Accordeons_Ch_Lutherienne_IMGP6861-150x150.jpg\" class=\"attachment-thumbnail size-thumbnail\" alt=\"\" \/><\/a>\n\t\t\t<\/dt><\/dl><dl class='gallery-item'>\n\t\t\t<dt class='gallery-icon landscape'>\n\t\t\t\t<a href='https:\/\/www.lorry-mardigny-patrimoine.fr\/musique\/wp-content\/uploads\/2011-12-10Accordeons_Ch_Lutherienne_IMGP6862.jpg'><img loading=\"lazy\" decoding=\"async\" width=\"150\" height=\"150\" src=\"https:\/\/www.lorry-mardigny-patrimoine.fr\/musique\/wp-content\/uploads\/2011-12-10Accordeons_Ch_Lutherienne_IMGP6862-150x150.jpg\" class=\"attachment-thumbnail size-thumbnail\" alt=\"\" \/><\/a>\n\t\t\t<\/dt><\/dl><br style=\"clear: both\" \/><dl class='gallery-item'>\n\t\t\t<dt class='gallery-icon landscape'>\n\t\t\t\t<a href='https:\/\/www.lorry-mardigny-patrimoine.fr\/musique\/wp-content\/uploads\/2011-12-10Accordeons_Ch_Lutherienne_IMGP6863.jpg'><img loading=\"lazy\" decoding=\"async\" width=\"150\" height=\"150\" src=\"https:\/\/www.lorry-mardigny-patrimoine.fr\/musique\/wp-content\/uploads\/2011-12-10Accordeons_Ch_Lutherienne_IMGP6863-150x150.jpg\" class=\"attachment-thumbnail size-thumbnail\" alt=\"\" \/><\/a>\n\t\t\t<\/dt><\/dl><dl class='gallery-item'>\n\t\t\t<dt class='gallery-icon landscape'>\n\t\t\t\t<a href='https:\/\/www.lorry-mardigny-patrimoine.fr\/musique\/wp-content\/uploads\/2011-12-10Accordeons_Ch_Lutherienne_IMGP6864.jpg'><img loading=\"lazy\" decoding=\"async\" width=\"150\" height=\"150\" src=\"https:\/\/www.lorry-mardigny-patrimoine.fr\/musique\/wp-content\/uploads\/2011-12-10Accordeons_Ch_Lutherienne_IMGP6864-150x150.jpg\" class=\"attachment-thumbnail size-thumbnail\" alt=\"\" \/><\/a>\n\t\t\t<\/dt><\/dl><dl class='gallery-item'>\n\t\t\t<dt class='gallery-icon landscape'>\n\t\t\t\t<a href='https:\/\/www.lorry-mardigny-patrimoine.fr\/musique\/wp-content\/uploads\/2011-12-10Accordeons_Ch_Lutherienne_IMGP6865.jpg'><img loading=\"lazy\" decoding=\"async\" width=\"150\" height=\"150\" src=\"https:\/\/www.lorry-mardigny-patrimoine.fr\/musique\/wp-content\/uploads\/2011-12-10Accordeons_Ch_Lutherienne_IMGP6865-150x150.jpg\" class=\"attachment-thumbnail size-thumbnail\" alt=\"\" \/><\/a>\n\t\t\t<\/dt><\/dl><br style=\"clear: both\" \/><dl class='gallery-item'>\n\t\t\t<dt class='gallery-icon landscape'>\n\t\t\t\t<a href='https:\/\/www.lorry-mardigny-patrimoine.fr\/musique\/wp-content\/uploads\/2011-12-10Accordeons_Ch_Lutherienne_IMGP6866.jpg'><img loading=\"lazy\" decoding=\"async\" width=\"150\" height=\"150\" src=\"https:\/\/www.lorry-mardigny-patrimoine.fr\/musique\/wp-content\/uploads\/2011-12-10Accordeons_Ch_Lutherienne_IMGP6866-150x150.jpg\" class=\"attachment-thumbnail size-thumbnail\" alt=\"\" \/><\/a>\n\t\t\t<\/dt><\/dl><dl class='gallery-item'>\n\t\t\t<dt class='gallery-icon landscape'>\n\t\t\t\t<a href='https:\/\/www.lorry-mardigny-patrimoine.fr\/musique\/wp-content\/uploads\/2011-12-10Accordeons_Ch_Lutherienne_IMGP6867.jpg'><img loading=\"lazy\" decoding=\"async\" width=\"150\" height=\"150\" src=\"https:\/\/www.lorry-mardigny-patrimoine.fr\/musique\/wp-content\/uploads\/2011-12-10Accordeons_Ch_Lutherienne_IMGP6867-150x150.jpg\" class=\"attachment-thumbnail size-thumbnail\" alt=\"\" \/><\/a>\n\t\t\t<\/dt><\/dl><dl class='gallery-item'>\n\t\t\t<dt class='gallery-icon landscape'>\n\t\t\t\t<a href='https:\/\/www.lorry-mardigny-patrimoine.fr\/musique\/wp-content\/uploads\/2011-12-10Accordeons_Ch_Lutherienne_IMGP6869.jpg'><img loading=\"lazy\" decoding=\"async\" width=\"150\" height=\"150\" src=\"https:\/\/www.lorry-mardigny-patrimoine.fr\/musique\/wp-content\/uploads\/2011-12-10Accordeons_Ch_Lutherienne_IMGP6869-150x150.jpg\" class=\"attachment-thumbnail size-thumbnail\" alt=\"\" \/><\/a>\n\t\t\t<\/dt><\/dl><br style=\"clear: both\" \/><dl class='gallery-item'>\n\t\t\t<dt class='gallery-icon landscape'>\n\t\t\t\t<a href='https:\/\/www.lorry-mardigny-patrimoine.fr\/musique\/wp-content\/uploads\/2011-12-10Accordeons_Ch_Lutherienne_IMGP6870.jpg'><img loading=\"lazy\" decoding=\"async\" width=\"150\" height=\"150\" src=\"https:\/\/www.lorry-mardigny-patrimoine.fr\/musique\/wp-content\/uploads\/2011-12-10Accordeons_Ch_Lutherienne_IMGP6870-150x150.jpg\" class=\"attachment-thumbnail size-thumbnail\" alt=\"\" \/><\/a>\n\t\t\t<\/dt><\/dl><dl class='gallery-item'>\n\t\t\t<dt class='gallery-icon landscape'>\n\t\t\t\t<a href='https:\/\/www.lorry-mardigny-patrimoine.fr\/musique\/wp-content\/uploads\/2011-12-10Accordeons_Ch_Lutherienne_IMGP6871.jpg'><img loading=\"lazy\" decoding=\"async\" width=\"150\" height=\"150\" src=\"https:\/\/www.lorry-mardigny-patrimoine.fr\/musique\/wp-content\/uploads\/2011-12-10Accordeons_Ch_Lutherienne_IMGP6871-150x150.jpg\" class=\"attachment-thumbnail size-thumbnail\" alt=\"\" \/><\/a>\n\t\t\t<\/dt><\/dl><dl class='gallery-item'>\n\t\t\t<dt class='gallery-icon landscape'>\n\t\t\t\t<a href='https:\/\/www.lorry-mardigny-patrimoine.fr\/musique\/wp-content\/uploads\/2011-12-10Accordeons_Ch_Lutherienne_IMGP6873.jpg'><img loading=\"lazy\" decoding=\"async\" width=\"150\" height=\"150\" src=\"https:\/\/www.lorry-mardigny-patrimoine.fr\/musique\/wp-content\/uploads\/2011-12-10Accordeons_Ch_Lutherienne_IMGP6873-150x150.jpg\" class=\"attachment-thumbnail size-thumbnail\" alt=\"\" \/><\/a>\n\t\t\t<\/dt><\/dl><br style=\"clear: both\" \/><dl class='gallery-item'>\n\t\t\t<dt class='gallery-icon landscape'>\n\t\t\t\t<a href='https:\/\/www.lorry-mardigny-patrimoine.fr\/musique\/wp-content\/uploads\/2011-12-10Accordeons_Ch_Lutherienne_IMGP6875.jpg'><img loading=\"lazy\" decoding=\"async\" width=\"150\" height=\"150\" src=\"https:\/\/www.lorry-mardigny-patrimoine.fr\/musique\/wp-content\/uploads\/2011-12-10Accordeons_Ch_Lutherienne_IMGP6875-150x150.jpg\" class=\"attachment-thumbnail size-thumbnail\" alt=\"\" \/><\/a>\n\t\t\t<\/dt><\/dl><dl class='gallery-item'>\n\t\t\t<dt class='gallery-icon landscape'>\n\t\t\t\t<a href='https:\/\/www.lorry-mardigny-patrimoine.fr\/musique\/wp-content\/uploads\/2011-12-10Accordeons_Ch_Lutherienne_IMGP6876.jpg'><img loading=\"lazy\" decoding=\"async\" width=\"150\" height=\"150\" src=\"https:\/\/www.lorry-mardigny-patrimoine.fr\/musique\/wp-content\/uploads\/2011-12-10Accordeons_Ch_Lutherienne_IMGP6876-150x150.jpg\" class=\"attachment-thumbnail size-thumbnail\" alt=\"\" \/><\/a>\n\t\t\t<\/dt><\/dl><dl class='gallery-item'>\n\t\t\t<dt class='gallery-icon landscape'>\n\t\t\t\t<a href='https:\/\/www.lorry-mardigny-patrimoine.fr\/musique\/wp-content\/uploads\/2011-12-10Accordeons_Ch_Lutherienne_IMGP6880.jpg'><img loading=\"lazy\" decoding=\"async\" width=\"150\" height=\"150\" src=\"https:\/\/www.lorry-mardigny-patrimoine.fr\/musique\/wp-content\/uploads\/2011-12-10Accordeons_Ch_Lutherienne_IMGP6880-150x150.jpg\" class=\"attachment-thumbnail size-thumbnail\" alt=\"\" \/><\/a>\n\t\t\t<\/dt><\/dl><br style=\"clear: both\" \/>\n\t\t<\/div>\n\n<p>&nbsp;<\/p>\n","protected":false},"excerpt":{"rendered":"<p>L&rsquo;Ensemble d&rsquo;accord\u00e9ons du Val de Metz, ses juniors, et la Chorale luth\u00e9rienne de Metz se <a class=\"more-link\" href=\"https:\/\/www.lorry-mardigny-patrimoine.fr\/musique\/accordeons-du-val-de-metz-chorale-lutherienne-10-dec-2011\/\">Lire plus &#8230;<\/a><\/p>\n","protected":false},"author":1,"featured_media":415,"comment_status":"closed","ping_status":"closed","sticky":false,"template":"","format":"standard","meta":{"footnotes":""},"categories":[3,2],"tags":[9,4],"class_list":["post-385","post","type-post","status-publish","format-standard","has-post-thumbnail","hentry","category-programme-instrumental","category-programme-vocal-a-cappella","tag-accordeon","tag-eglise-ste-croix"],"_links":{"self":[{"href":"https:\/\/www.lorry-mardigny-patrimoine.fr\/musique\/wp-json\/wp\/v2\/posts\/385","targetHints":{"allow":["GET"]}}],"collection":[{"href":"https:\/\/www.lorry-mardigny-patrimoine.fr\/musique\/wp-json\/wp\/v2\/posts"}],"about":[{"href":"https:\/\/www.lorry-mardigny-patrimoine.fr\/musique\/wp-json\/wp\/v2\/types\/post"}],"author":[{"embeddable":true,"href":"https:\/\/www.lorry-mardigny-patrimoine.fr\/musique\/wp-json\/wp\/v2\/users\/1"}],"replies":[{"embeddable":true,"href":"https:\/\/www.lorry-mardigny-patrimoine.fr\/musique\/wp-json\/wp\/v2\/comments?post=385"}],"version-history":[{"count":0,"href":"https:\/\/www.lorry-mardigny-patrimoine.fr\/musique\/wp-json\/wp\/v2\/posts\/385\/revisions"}],"wp:featuredmedia":[{"embeddable":true,"href":"https:\/\/www.lorry-mardigny-patrimoine.fr\/musique\/wp-json\/wp\/v2\/media\/415"}],"wp:attachment":[{"href":"https:\/\/www.lorry-mardigny-patrimoine.fr\/musique\/wp-json\/wp\/v2\/media?parent=385"}],"wp:term":[{"taxonomy":"category","embeddable":true,"href":"https:\/\/www.lorry-mardigny-patrimoine.fr\/musique\/wp-json\/wp\/v2\/categories?post=385"},{"taxonomy":"post_tag","embeddable":true,"href":"https:\/\/www.lorry-mardigny-patrimoine.fr\/musique\/wp-json\/wp\/v2\/tags?post=385"}],"curies":[{"name":"wp","href":"https:\/\/api.w.org\/{rel}","templated":true}]}}