{"id":417,"date":"2010-09-18T13:19:03","date_gmt":"2010-09-18T12:19:03","guid":{"rendered":"http:\/\/www.lorry-mardigny-patrimoine.fr\/musique\/?p=417"},"modified":"2024-12-14T14:10:13","modified_gmt":"2024-12-14T13:10:13","slug":"100-ans-de-lorgue-link-18092010","status":"publish","type":"post","link":"https:\/\/www.lorry-mardigny-patrimoine.fr\/musique\/100-ans-de-lorgue-link-18092010\/","title":{"rendered":"100 ans de l&rsquo;orgue Link &#8211; 18\/09\/2010"},"content":{"rendered":"<p style=\"text-align: justify;\">Nous avons f\u00eat\u00e9 cette ann\u00e9e les cent ans de l&rsquo;orgue que les fr\u00e8res Link ont pos\u00e9 dans l&rsquo;\u00e9glise de Lorry en 1910, par une conf\u00e9rence et un concert.<\/p>\n<p style=\"text-align: justify;\"><!--more--><\/p>\n<p style=\"text-align: justify;\">En cette occasion, <a href=\"http:\/\/www.lorry-mardigny-patrimoine.fr\/musique\/wp-content\/uploads\/Olivier_Schmitt_bio.pdf\" target=\"_blank\" rel=\"noopener\">Olivier Schmitt<\/a> a pr\u00e9sent\u00e9 une conf\u00e9rence intitul\u00e9e <em>La facture d&rsquo;orgues en Moselle au XIXe si\u00e8cle : au carrefour des influences, entre France et Allemagne. <\/em>Olivier Schmitt est docteur de l&rsquo;Universit\u00e9 de Paris IV-Sorbonne pour sa th\u00e8se sur <em>Les Mutations de l&rsquo;orgue en France et en Alsace-Moselle entre 1840 et 1914.<\/em><em><br \/>\n<\/em><\/p>\n<p style=\"text-align: justify;\">Apr\u00e8s la conf\u00e9rence d&rsquo;Olivier Schmitt, <a href=\"http:\/\/www.lorry-mardigny-patrimoine.fr\/musique\/wp-content\/uploads\/VictoriaLescalier_bio.pdf\" target=\"_blank\" rel=\"noopener\">Victoria Lescalier<\/a>, jeune musicienne de talent, prim\u00e9e \u00e0 de nombreuses reprises tant pour ses talents d&rsquo;interpr\u00e8te que de compositeur arrangeur, nous a propos\u00e9 un programme de musique romantique, style musical auquel se pr\u00eate si bien l&rsquo;orgue Link.<\/p>\n<p style=\"text-align: center;\"><strong>La conf\u00e9rence d&rsquo;Olivier Schmitt<\/strong><\/p>\n<p style=\"text-align: center;\"><strong>Le concert donn\u00e9 par Victoria Lescalier<\/strong><\/p>\n<p style=\"text-align: center;\">***<\/p>\n<h4>La conf\u00e9rence d&rsquo;Olivier Schmitt<\/h4>\n<p><strong><span style=\"color: #ff0000;\">Extraits de la conf\u00e9rence<\/span><\/strong><\/p>\n<p><em>Orgue : les inventions allemandes\u00a0<\/em><\/p>\n<audio class=\"wp-audio-shortcode\" id=\"audio-417-1\" preload=\"none\" style=\"width: 100%;\" controls=\"controls\"><source type=\"audio\/mpeg\" src=\"http:\/\/www.lorry-mardigny-patrimoine.fr\/musique\/wp-content\/uploads\/2010-09-18_conf_01_Schmitt_inventions_allemandes.mp3?_=1\" \/><a href=\"http:\/\/www.lorry-mardigny-patrimoine.fr\/musique\/wp-content\/uploads\/2010-09-18_conf_01_Schmitt_inventions_allemandes.mp3\">http:\/\/www.lorry-mardigny-patrimoine.fr\/musique\/wp-content\/uploads\/2010-09-18_conf_01_Schmitt_inventions_allemandes.mp3<\/a><\/audio>\n<p><em>De l&rsquo;orgue mosellan messin \u00e0 l&rsquo;orgue mosellan allemand<\/em><\/p>\n<audio class=\"wp-audio-shortcode\" id=\"audio-417-2\" preload=\"none\" style=\"width: 100%;\" controls=\"controls\"><source type=\"audio\/mpeg\" src=\"http:\/\/www.lorry-mardigny-patrimoine.fr\/musique\/wp-content\/uploads\/2010-09-18_conf_02_Schmitt_orgue_messin_vers_orgue_allemand.mp3?_=2\" \/><a href=\"http:\/\/www.lorry-mardigny-patrimoine.fr\/musique\/wp-content\/uploads\/2010-09-18_conf_02_Schmitt_orgue_messin_vers_orgue_allemand.mp3\">http:\/\/www.lorry-mardigny-patrimoine.fr\/musique\/wp-content\/uploads\/2010-09-18_conf_02_Schmitt_orgue_messin_vers_orgue_allemand.mp3<\/a><\/audio>\n<p><em>La propagande en faveur des facteurs d&rsquo;orgues allemands<\/em><\/p>\n<audio class=\"wp-audio-shortcode\" id=\"audio-417-3\" preload=\"none\" style=\"width: 100%;\" controls=\"controls\"><source type=\"audio\/mpeg\" src=\"http:\/\/www.lorry-mardigny-patrimoine.fr\/musique\/wp-content\/uploads\/2010-09-18_conf_03_Schmitt_propagande_facteurs_allemands.mp3?_=3\" \/><a href=\"http:\/\/www.lorry-mardigny-patrimoine.fr\/musique\/wp-content\/uploads\/2010-09-18_conf_03_Schmitt_propagande_facteurs_allemands.mp3\">http:\/\/www.lorry-mardigny-patrimoine.fr\/musique\/wp-content\/uploads\/2010-09-18_conf_03_Schmitt_propagande_facteurs_allemands.mp3<\/a><\/audio>\n<p><em>Les orgues d&rsquo;influence fran\u00e7aise<\/em><\/p>\n<audio class=\"wp-audio-shortcode\" id=\"audio-417-4\" preload=\"none\" style=\"width: 100%;\" controls=\"controls\"><source type=\"audio\/mpeg\" src=\"http:\/\/www.lorry-mardigny-patrimoine.fr\/musique\/wp-content\/uploads\/2010-09-18_conf_04_Schmitt_influence_francaise.mp3?_=4\" \/><a href=\"http:\/\/www.lorry-mardigny-patrimoine.fr\/musique\/wp-content\/uploads\/2010-09-18_conf_04_Schmitt_influence_francaise.mp3\">http:\/\/www.lorry-mardigny-patrimoine.fr\/musique\/wp-content\/uploads\/2010-09-18_conf_04_Schmitt_influence_francaise.mp3<\/a><\/audio>\n<p><em>Originalit\u00e9 de la facture d&rsquo;orgue en Moselle<\/em><\/p>\n<audio class=\"wp-audio-shortcode\" id=\"audio-417-5\" preload=\"none\" style=\"width: 100%;\" controls=\"controls\"><source type=\"audio\/mpeg\" src=\"http:\/\/www.lorry-mardigny-patrimoine.fr\/musique\/wp-content\/uploads\/2010-09-18_conf_05_Schmitt_originalite_orgues_mosellans.mp3?_=5\" \/><a href=\"http:\/\/www.lorry-mardigny-patrimoine.fr\/musique\/wp-content\/uploads\/2010-09-18_conf_05_Schmitt_originalite_orgues_mosellans.mp3\">http:\/\/www.lorry-mardigny-patrimoine.fr\/musique\/wp-content\/uploads\/2010-09-18_conf_05_Schmitt_originalite_orgues_mosellans.mp3<\/a><\/audio>\n<p><em>Bilan de la facture d&rsquo;orgues en Moselle de 1803 \u00e0 1914<\/em><\/p>\n<audio class=\"wp-audio-shortcode\" id=\"audio-417-6\" preload=\"none\" style=\"width: 100%;\" controls=\"controls\"><source type=\"audio\/mpeg\" src=\"http:\/\/www.lorry-mardigny-patrimoine.fr\/musique\/wp-content\/uploads\/2010-09-18_conf_06_Schmitt_bilan_orgues_en_Moselle.mp3?_=6\" \/><a href=\"http:\/\/www.lorry-mardigny-patrimoine.fr\/musique\/wp-content\/uploads\/2010-09-18_conf_06_Schmitt_bilan_orgues_en_Moselle.mp3\">http:\/\/www.lorry-mardigny-patrimoine.fr\/musique\/wp-content\/uploads\/2010-09-18_conf_06_Schmitt_bilan_orgues_en_Moselle.mp3<\/a><\/audio>\n<p><strong>Commentaires :<\/strong><\/p>\n<p>Jean-Louis Helleringer, facteur d&rsquo;orgue qui a restaur\u00e9 l&rsquo;orgue Link de Lorry en 2004 : <em>menaces sur l&rsquo;avenir des orgues<\/em><\/p>\n<audio class=\"wp-audio-shortcode\" id=\"audio-417-7\" preload=\"none\" style=\"width: 100%;\" controls=\"controls\"><source type=\"audio\/mpeg\" src=\"http:\/\/www.lorry-mardigny-patrimoine.fr\/musique\/wp-content\/uploads\/2010-09-18_conf_07_commentaire_JL_Helleringer.mp3?_=7\" \/><a href=\"http:\/\/www.lorry-mardigny-patrimoine.fr\/musique\/wp-content\/uploads\/2010-09-18_conf_07_commentaire_JL_Helleringer.mp3\">http:\/\/www.lorry-mardigny-patrimoine.fr\/musique\/wp-content\/uploads\/2010-09-18_conf_07_commentaire_JL_Helleringer.mp3<\/a><\/audio>\n<p>Anne-Marie Dufour, de la Commission Patrimoine de Familles Rurales-La C\u00f4te : <em>l&rsquo;orgue des fr\u00e8res Link \u00e0 Lorry<\/em><\/p>\n<audio class=\"wp-audio-shortcode\" id=\"audio-417-8\" preload=\"none\" style=\"width: 100%;\" controls=\"controls\"><source type=\"audio\/mpeg\" src=\"http:\/\/www.lorry-mardigny-patrimoine.fr\/musique\/wp-content\/uploads\/2010-09-18_conf_08_commentairesAM_Dufour.mp3?_=8\" \/><a href=\"http:\/\/www.lorry-mardigny-patrimoine.fr\/musique\/wp-content\/uploads\/2010-09-18_conf_08_commentairesAM_Dufour.mp3\">http:\/\/www.lorry-mardigny-patrimoine.fr\/musique\/wp-content\/uploads\/2010-09-18_conf_08_commentairesAM_Dufour.mp3<\/a><\/audio>\n<p><strong><span style=\"color: #ff0000;\">Photographies<\/span><\/strong><\/p>\n\n\t\t<style type=\"text\/css\">\n\t\t\t#gallery-1 {\n\t\t\t\tmargin: auto;\n\t\t\t}\n\t\t\t#gallery-1 .gallery-item {\n\t\t\t\tfloat: left;\n\t\t\t\tmargin-top: 10px;\n\t\t\t\ttext-align: center;\n\t\t\t\twidth: 33%;\n\t\t\t}\n\t\t\t#gallery-1 img {\n\t\t\t\tborder: 2px solid #cfcfcf;\n\t\t\t}\n\t\t\t#gallery-1 .gallery-caption {\n\t\t\t\tmargin-left: 0;\n\t\t\t}\n\t\t\t\/* see gallery_shortcode() in wp-includes\/media.php *\/\n\t\t<\/style>\n\t\t<div id='gallery-1' class='gallery galleryid-417 gallery-columns-3 gallery-size-thumbnail'><dl class='gallery-item'>\n\t\t\t<dt class='gallery-icon landscape'>\n\t\t\t\t<a href='https:\/\/www.lorry-mardigny-patrimoine.fr\/musique\/wp-content\/uploads\/2010-09-18_Schmitt_IMGP4773.jpg'><img loading=\"lazy\" decoding=\"async\" width=\"150\" height=\"150\" src=\"https:\/\/www.lorry-mardigny-patrimoine.fr\/musique\/wp-content\/uploads\/2010-09-18_Schmitt_IMGP4773-150x150.jpg\" class=\"attachment-thumbnail size-thumbnail\" alt=\"\" \/><\/a>\n\t\t\t<\/dt><\/dl><dl class='gallery-item'>\n\t\t\t<dt class='gallery-icon landscape'>\n\t\t\t\t<a href='https:\/\/www.lorry-mardigny-patrimoine.fr\/musique\/wp-content\/uploads\/2010-09-18_Schmitt_IMGP4775.jpg'><img loading=\"lazy\" decoding=\"async\" width=\"150\" height=\"150\" src=\"https:\/\/www.lorry-mardigny-patrimoine.fr\/musique\/wp-content\/uploads\/2010-09-18_Schmitt_IMGP4775-150x150.jpg\" class=\"attachment-thumbnail size-thumbnail\" alt=\"\" \/><\/a>\n\t\t\t<\/dt><\/dl><dl class='gallery-item'>\n\t\t\t<dt class='gallery-icon landscape'>\n\t\t\t\t<a href='https:\/\/www.lorry-mardigny-patrimoine.fr\/musique\/wp-content\/uploads\/2010-09-18_Schmitt_IMGP4777.jpg'><img loading=\"lazy\" decoding=\"async\" width=\"150\" height=\"150\" src=\"https:\/\/www.lorry-mardigny-patrimoine.fr\/musique\/wp-content\/uploads\/2010-09-18_Schmitt_IMGP4777-150x150.jpg\" class=\"attachment-thumbnail size-thumbnail\" alt=\"\" \/><\/a>\n\t\t\t<\/dt><\/dl><br style=\"clear: both\" \/>\n\t\t<\/div>\n\n<h4>Le concert donn\u00e9 par Victoria Lescalier<\/h4>\n<p><strong><span style=\"color: #ff0000;\"><a href=\"http:\/\/www.lorry-mardigny-patrimoine.fr\/musique\/wp-content\/uploads\/programme2010-09-18.pdf\" target=\"_blank\" rel=\"noopener\">Programme<\/a><\/span><\/strong> (pdf)<\/p>\n<p><strong><span style=\"color: #ff0000;\">Extraits du concert<\/span><\/strong> (en format mp3)<\/p>\n<p>Franz Liszt, <em>Ave Maria von Arcadelt<\/em><\/p>\n<audio class=\"wp-audio-shortcode\" id=\"audio-417-9\" preload=\"none\" style=\"width: 100%;\" controls=\"controls\"><source type=\"audio\/mpeg\" src=\"http:\/\/www.lorry-mardigny-patrimoine.fr\/musique\/wp-content\/uploads\/2010-09-18_Lescalier_Liszt_Ave_Maria.mp3?_=9\" \/><a href=\"http:\/\/www.lorry-mardigny-patrimoine.fr\/musique\/wp-content\/uploads\/2010-09-18_Lescalier_Liszt_Ave_Maria.mp3\">http:\/\/www.lorry-mardigny-patrimoine.fr\/musique\/wp-content\/uploads\/2010-09-18_Lescalier_Liszt_Ave_Maria.mp3<\/a><\/audio>\n<p>&nbsp;<\/p>\n<div style=\"width: 640px;\" class=\"wp-video\"><video class=\"wp-video-shortcode\" id=\"video-417-1\" width=\"640\" height=\"480\" preload=\"metadata\" controls=\"controls\"><source type=\"video\/webm\" src=\"https:\/\/www.lorry-mardigny-patrimoine.fr\/musique\/wp-content\/uploads\/2010-09-18_Lescalier_Mendelssohn_Sonate_3-1.webm?_=1\" \/><a href=\"https:\/\/www.lorry-mardigny-patrimoine.fr\/musique\/wp-content\/uploads\/2010-09-18_Lescalier_Mendelssohn_Sonate_3-1.webm\">https:\/\/www.lorry-mardigny-patrimoine.fr\/musique\/wp-content\/uploads\/2010-09-18_Lescalier_Mendelssohn_Sonate_3-1.webm<\/a><\/video><\/div>\n<p>&nbsp;<\/p>\n<p>Felix Mendelssohn, <em>Sonate n\u00b0 3<\/em> (extrait : Allegro, Scherzo)<\/p>\n<audio class=\"wp-audio-shortcode\" id=\"audio-417-10\" preload=\"none\" style=\"width: 100%;\" controls=\"controls\"><source type=\"audio\/mpeg\" src=\"http:\/\/www.lorry-mardigny-patrimoine.fr\/musique\/wp-content\/uploads\/2010-09-18_Lescalier_Mendelssohn_Sonate3.mp3?_=10\" \/><a href=\"http:\/\/www.lorry-mardigny-patrimoine.fr\/musique\/wp-content\/uploads\/2010-09-18_Lescalier_Mendelssohn_Sonate3.mp3\">http:\/\/www.lorry-mardigny-patrimoine.fr\/musique\/wp-content\/uploads\/2010-09-18_Lescalier_Mendelssohn_Sonate3.mp3<\/a><\/audio>\n<p>Johannes Brahms, <em>Choral Herzlich tut mich erfreuen\u00a0<\/em><\/p>\n<audio class=\"wp-audio-shortcode\" id=\"audio-417-11\" preload=\"none\" style=\"width: 100%;\" controls=\"controls\"><source type=\"audio\/mpeg\" src=\"http:\/\/www.lorry-mardigny-patrimoine.fr\/musique\/wp-content\/uploads\/2010-09-18_Lescalier_Brahms_Choral_Herzlich.mp3?_=11\" \/><a href=\"http:\/\/www.lorry-mardigny-patrimoine.fr\/musique\/wp-content\/uploads\/2010-09-18_Lescalier_Brahms_Choral_Herzlich.mp3\">http:\/\/www.lorry-mardigny-patrimoine.fr\/musique\/wp-content\/uploads\/2010-09-18_Lescalier_Brahms_Choral_Herzlich.mp3<\/a><\/audio>\n<p>Robert Schumann, <em>Etude n\u00b0 5\u00a0<\/em><\/p>\n<audio class=\"wp-audio-shortcode\" id=\"audio-417-12\" preload=\"none\" style=\"width: 100%;\" controls=\"controls\"><source type=\"audio\/mpeg\" src=\"http:\/\/www.lorry-mardigny-patrimoine.fr\/musique\/wp-content\/uploads\/2010-09-18_Lescalier_Schumann_Etude5.mp3?_=12\" \/><a href=\"http:\/\/www.lorry-mardigny-patrimoine.fr\/musique\/wp-content\/uploads\/2010-09-18_Lescalier_Schumann_Etude5.mp3\">http:\/\/www.lorry-mardigny-patrimoine.fr\/musique\/wp-content\/uploads\/2010-09-18_Lescalier_Schumann_Etude5.mp3<\/a><\/audio>\n<p>Josef Rheinberger, <em>Cantil\u00e8ne\u00a0<\/em><\/p>\n<audio class=\"wp-audio-shortcode\" id=\"audio-417-13\" preload=\"none\" style=\"width: 100%;\" controls=\"controls\"><source type=\"audio\/mpeg\" src=\"http:\/\/www.lorry-mardigny-patrimoine.fr\/musique\/wp-content\/uploads\/2010-09-18_Lescalier_Rheinberger_Cantilene.mp3?_=13\" \/><a href=\"http:\/\/www.lorry-mardigny-patrimoine.fr\/musique\/wp-content\/uploads\/2010-09-18_Lescalier_Rheinberger_Cantilene.mp3\">http:\/\/www.lorry-mardigny-patrimoine.fr\/musique\/wp-content\/uploads\/2010-09-18_Lescalier_Rheinberger_Cantilene.mp3<\/a><\/audio>\n<p><strong><span style=\"color: #ff0000;\">Photographies<\/span><\/strong><\/p>\n\n\t\t<style type=\"text\/css\">\n\t\t\t#gallery-2 {\n\t\t\t\tmargin: auto;\n\t\t\t}\n\t\t\t#gallery-2 .gallery-item {\n\t\t\t\tfloat: left;\n\t\t\t\tmargin-top: 10px;\n\t\t\t\ttext-align: center;\n\t\t\t\twidth: 33%;\n\t\t\t}\n\t\t\t#gallery-2 img {\n\t\t\t\tborder: 2px solid #cfcfcf;\n\t\t\t}\n\t\t\t#gallery-2 .gallery-caption {\n\t\t\t\tmargin-left: 0;\n\t\t\t}\n\t\t\t\/* see gallery_shortcode() in wp-includes\/media.php *\/\n\t\t<\/style>\n\t\t<div id='gallery-2' class='gallery galleryid-417 gallery-columns-3 gallery-size-thumbnail'><dl class='gallery-item'>\n\t\t\t<dt class='gallery-icon landscape'>\n\t\t\t\t<a href='https:\/\/www.lorry-mardigny-patrimoine.fr\/musique\/wp-content\/uploads\/2010-09-18_Lescalier_DSCF8187.jpg'><img loading=\"lazy\" decoding=\"async\" width=\"150\" height=\"150\" src=\"https:\/\/www.lorry-mardigny-patrimoine.fr\/musique\/wp-content\/uploads\/2010-09-18_Lescalier_DSCF8187-150x150.jpg\" class=\"attachment-thumbnail size-thumbnail\" alt=\"\" aria-describedby=\"gallery-2-260\" \/><\/a>\n\t\t\t<\/dt>\n\t\t\t\t<dd class='wp-caption-text gallery-caption' id='gallery-2-260'>\n\t\t\t\tVictoria Lescalier\n\t\t\t\t<\/dd><\/dl><dl class='gallery-item'>\n\t\t\t<dt class='gallery-icon landscape'>\n\t\t\t\t<a href='https:\/\/www.lorry-mardigny-patrimoine.fr\/musique\/wp-content\/uploads\/2010-09-18_Lescalier_DSCF8155.jpg'><img loading=\"lazy\" decoding=\"async\" width=\"150\" height=\"150\" src=\"https:\/\/www.lorry-mardigny-patrimoine.fr\/musique\/wp-content\/uploads\/2010-09-18_Lescalier_DSCF8155-150x150.jpg\" class=\"attachment-thumbnail size-thumbnail\" alt=\"\" \/><\/a>\n\t\t\t<\/dt><\/dl><dl class='gallery-item'>\n\t\t\t<dt class='gallery-icon portrait'>\n\t\t\t\t<a href='https:\/\/www.lorry-mardigny-patrimoine.fr\/musique\/wp-content\/uploads\/2010-09-18_Lescalier_DSCF8157.jpg'><img loading=\"lazy\" decoding=\"async\" width=\"150\" height=\"150\" src=\"https:\/\/www.lorry-mardigny-patrimoine.fr\/musique\/wp-content\/uploads\/2010-09-18_Lescalier_DSCF8157-150x150.jpg\" class=\"attachment-thumbnail size-thumbnail\" alt=\"\" aria-describedby=\"gallery-2-434\" \/><\/a>\n\t\t\t<\/dt>\n\t\t\t\t<dd class='wp-caption-text gallery-caption' id='gallery-2-434'>\n\t\t\t\tVictoria Lescalier\n\t\t\t\t<\/dd><\/dl><br style=\"clear: both\" \/><dl class='gallery-item'>\n\t\t\t<dt class='gallery-icon landscape'>\n\t\t\t\t<a href='https:\/\/www.lorry-mardigny-patrimoine.fr\/musique\/wp-content\/uploads\/2010-09-18_Lescalier_DSCF8165.jpg'><img loading=\"lazy\" decoding=\"async\" width=\"150\" height=\"150\" src=\"https:\/\/www.lorry-mardigny-patrimoine.fr\/musique\/wp-content\/uploads\/2010-09-18_Lescalier_DSCF8165-150x150.jpg\" class=\"attachment-thumbnail size-thumbnail\" alt=\"\" \/><\/a>\n\t\t\t<\/dt><\/dl><dl class='gallery-item'>\n\t\t\t<dt class='gallery-icon landscape'>\n\t\t\t\t<a href='https:\/\/www.lorry-mardigny-patrimoine.fr\/musique\/wp-content\/uploads\/2010-09-18_Lescalier_DSCF8171.jpg'><img loading=\"lazy\" decoding=\"async\" width=\"150\" height=\"150\" src=\"https:\/\/www.lorry-mardigny-patrimoine.fr\/musique\/wp-content\/uploads\/2010-09-18_Lescalier_DSCF8171-150x150.jpg\" class=\"attachment-thumbnail size-thumbnail\" alt=\"\" \/><\/a>\n\t\t\t<\/dt><\/dl><dl class='gallery-item'>\n\t\t\t<dt class='gallery-icon landscape'>\n\t\t\t\t<a href='https:\/\/www.lorry-mardigny-patrimoine.fr\/musique\/wp-content\/uploads\/2010-09-18_Lescalier_RL2010-09-24.jpg'><img loading=\"lazy\" decoding=\"async\" width=\"150\" height=\"150\" src=\"https:\/\/www.lorry-mardigny-patrimoine.fr\/musique\/wp-content\/uploads\/2010-09-18_Lescalier_RL2010-09-24-150x150.jpg\" class=\"attachment-thumbnail size-thumbnail\" alt=\"\" \/><\/a>\n\t\t\t<\/dt><\/dl><br style=\"clear: both\" \/>\n\t\t<\/div>\n\n","protected":false},"excerpt":{"rendered":"<p>Nous avons f\u00eat\u00e9 cette ann\u00e9e les cent ans de l&rsquo;orgue que les fr\u00e8res Link ont <a class=\"more-link\" href=\"https:\/\/www.lorry-mardigny-patrimoine.fr\/musique\/100-ans-de-lorgue-link-18092010\/\">Lire plus &#8230;<\/a><\/p>\n","protected":false},"author":1,"featured_media":438,"comment_status":"closed","ping_status":"closed","sticky":false,"template":"","format":"standard","meta":{"footnotes":""},"categories":[3],"tags":[13,4,7],"class_list":["post-417","post","type-post","status-publish","format-standard","has-post-thumbnail","hentry","category-programme-instrumental","tag-conference","tag-eglise-ste-croix","tag-orgue-link"],"_links":{"self":[{"href":"https:\/\/www.lorry-mardigny-patrimoine.fr\/musique\/wp-json\/wp\/v2\/posts\/417","targetHints":{"allow":["GET"]}}],"collection":[{"href":"https:\/\/www.lorry-mardigny-patrimoine.fr\/musique\/wp-json\/wp\/v2\/posts"}],"about":[{"href":"https:\/\/www.lorry-mardigny-patrimoine.fr\/musique\/wp-json\/wp\/v2\/types\/post"}],"author":[{"embeddable":true,"href":"https:\/\/www.lorry-mardigny-patrimoine.fr\/musique\/wp-json\/wp\/v2\/users\/1"}],"replies":[{"embeddable":true,"href":"https:\/\/www.lorry-mardigny-patrimoine.fr\/musique\/wp-json\/wp\/v2\/comments?post=417"}],"version-history":[{"count":1,"href":"https:\/\/www.lorry-mardigny-patrimoine.fr\/musique\/wp-json\/wp\/v2\/posts\/417\/revisions"}],"predecessor-version":[{"id":1425,"href":"https:\/\/www.lorry-mardigny-patrimoine.fr\/musique\/wp-json\/wp\/v2\/posts\/417\/revisions\/1425"}],"wp:featuredmedia":[{"embeddable":true,"href":"https:\/\/www.lorry-mardigny-patrimoine.fr\/musique\/wp-json\/wp\/v2\/media\/438"}],"wp:attachment":[{"href":"https:\/\/www.lorry-mardigny-patrimoine.fr\/musique\/wp-json\/wp\/v2\/media?parent=417"}],"wp:term":[{"taxonomy":"category","embeddable":true,"href":"https:\/\/www.lorry-mardigny-patrimoine.fr\/musique\/wp-json\/wp\/v2\/categories?post=417"},{"taxonomy":"post_tag","embeddable":true,"href":"https:\/\/www.lorry-mardigny-patrimoine.fr\/musique\/wp-json\/wp\/v2\/tags?post=417"}],"curies":[{"name":"wp","href":"https:\/\/api.w.org\/{rel}","templated":true}]}}