{"id":499,"date":"2007-10-13T23:03:27","date_gmt":"2007-10-13T22:03:27","guid":{"rendered":"http:\/\/www.lorry-mardigny-patrimoine.fr\/musique\/?p=499"},"modified":"2019-03-02T18:48:09","modified_gmt":"2019-03-02T17:48:09","slug":"metzo-trio-13-octobre-2007","status":"publish","type":"post","link":"https:\/\/www.lorry-mardigny-patrimoine.fr\/musique\/metzo-trio-13-octobre-2007\/","title":{"rendered":"Metz&rsquo;o Trio &#8211; 13 octobre 2007"},"content":{"rendered":"<h3 style=\"text-align: justify;\"><span style=\"color: #ff0000;\">Ballade pour trois fl\u00fbtes \u00e0 bec<\/span><\/h3>\n<h5 style=\"text-align: justify;\"><span style=\"color: #ff0000;\">Musiques de la Renaissance \u00e0 nos jours<\/span><\/h5>\n<p style=\"text-align: justify;\">La formation Metz&rsquo;o Trio est compos\u00e9e d&rsquo;Emelyne Houg, Sylvain Lamirand et Adela\u00efde Rauber. Ces trois fl\u00fbtistes sont des \u00e9l\u00e8ves de Christian Billet, l&rsquo;un des sp\u00e9cialistes de la fl\u00fbte \u00e0 bec.<\/p>\n<p style=\"text-align: justify;\"><!--more--><\/p>\n<p style=\"text-align: justify;\">Ces trois musiciens s&rsquo;\u00e9taient d\u00e9j\u00e0 produits \u00e0 Lorry-Mardigny le 8 octobre 2005, au sein de la l&rsquo;ensemble La Traditora pour accompagner le ch\u0153ur M\u00e9tamorphoses.<\/p>\n<p style=\"text-align: justify;\">Ce 13 octobre 2007, en l&rsquo;absence de Sylvain Lamirand, c&rsquo;est Christian Billet qui s&rsquo;est joint \u00e0 Emelyne Houg et Ad\u00e9la\u00efde Rauber, dans un programme de la Renaissance int\u00e9grant quelques oeuvres contemporaines.<\/p>\n<p style=\"text-align: center;\"><strong>1. Programme<\/strong><\/p>\n<p style=\"text-align: center;\"><strong>2. Extraits du concert<\/strong><\/p>\n<p style=\"text-align: center;\"><strong>3. Photographies<\/strong><\/p>\n<p style=\"text-align: justify;\"><a href=\"http:\/\/www.lorry-mardigny-patrimoine.fr\/musique\/wp-content\/uploads\/2007-10-13_Metz_o_Trio_programmeLorry-Mardigny.pdf\" target=\"_blank\" rel=\"noopener noreferrer\"><strong><span style=\"color: #ff0000;\">Programme<\/span><\/strong><\/a> (pdf)<\/p>\n<p><strong><span style=\"color: #ff0000;\">Extraits du concert :<\/span><\/strong><\/p>\n<p>\u2022 Clemens Non Papa, <em>Deux danses<\/em><\/p>\n<audio class=\"wp-audio-shortcode\" id=\"audio-499-1\" preload=\"none\" style=\"width: 100%;\" controls=\"controls\"><source type=\"audio\/mpeg\" src=\"http:\/\/www.lorry-mardigny-patrimoine.fr\/musique\/wp-content\/uploads\/2007-10-13_Metz_o_Trio_05-Deux-Danses-Non-Papa.mp3?_=1\" \/><a href=\"http:\/\/www.lorry-mardigny-patrimoine.fr\/musique\/wp-content\/uploads\/2007-10-13_Metz_o_Trio_05-Deux-Danses-Non-Papa.mp3\">http:\/\/www.lorry-mardigny-patrimoine.fr\/musique\/wp-content\/uploads\/2007-10-13_Metz_o_Trio_05-Deux-Danses-Non-Papa.mp3<\/a><\/audio>\n<p>\u2022 Johann Scherer, <em>Sonate<\/em> II op. 1 n\u00b0 2, Allegro, 1<\/p>\n<audio class=\"wp-audio-shortcode\" id=\"audio-499-2\" preload=\"none\" style=\"width: 100%;\" controls=\"controls\"><source type=\"audio\/mpeg\" src=\"http:\/\/www.lorry-mardigny-patrimoine.fr\/musique\/wp-content\/uploads\/2007-10-13_Metz_o_Trio_09-sonateII-Allegro_Scherer.mp3?_=2\" \/><a href=\"http:\/\/www.lorry-mardigny-patrimoine.fr\/musique\/wp-content\/uploads\/2007-10-13_Metz_o_Trio_09-sonateII-Allegro_Scherer.mp3\">http:\/\/www.lorry-mardigny-patrimoine.fr\/musique\/wp-content\/uploads\/2007-10-13_Metz_o_Trio_09-sonateII-Allegro_Scherer.mp3<\/a><\/audio>\n<p>\u2022 Johann Scherer, <em>Sonate<\/em> II op. 1 n\u00b0 2, Allegro, 2<\/p>\n<audio class=\"wp-audio-shortcode\" id=\"audio-499-3\" preload=\"none\" style=\"width: 100%;\" controls=\"controls\"><source type=\"audio\/mpeg\" src=\"http:\/\/www.lorry-mardigny-patrimoine.fr\/musique\/wp-content\/uploads\/2007-10-13_Metz_o_Trio_11-sonateII-Allegro2_Scherer.mp3?_=3\" \/><a href=\"http:\/\/www.lorry-mardigny-patrimoine.fr\/musique\/wp-content\/uploads\/2007-10-13_Metz_o_Trio_11-sonateII-Allegro2_Scherer.mp3\">http:\/\/www.lorry-mardigny-patrimoine.fr\/musique\/wp-content\/uploads\/2007-10-13_Metz_o_Trio_11-sonateII-Allegro2_Scherer.mp3<\/a><\/audio>\n<p>\u2022 Emile Waldteufel, <em>Amours et printemps<\/em><\/p>\n<audio class=\"wp-audio-shortcode\" id=\"audio-499-4\" preload=\"none\" style=\"width: 100%;\" controls=\"controls\"><source type=\"audio\/mpeg\" src=\"http:\/\/www.lorry-mardigny-patrimoine.fr\/musique\/wp-content\/uploads\/2007-10-13_Metz_o_Trio_13-Amours_Printemps_Waldteufel.mp3?_=4\" \/><a href=\"http:\/\/www.lorry-mardigny-patrimoine.fr\/musique\/wp-content\/uploads\/2007-10-13_Metz_o_Trio_13-Amours_Printemps_Waldteufel.mp3\">http:\/\/www.lorry-mardigny-patrimoine.fr\/musique\/wp-content\/uploads\/2007-10-13_Metz_o_Trio_13-Amours_Printemps_Waldteufel.mp3<\/a><\/audio>\n<p><strong><span style=\"color: #ff0000;\">Photographies<\/span><\/strong><\/p>\n\n\t\t<style type=\"text\/css\">\n\t\t\t#gallery-1 {\n\t\t\t\tmargin: auto;\n\t\t\t}\n\t\t\t#gallery-1 .gallery-item {\n\t\t\t\tfloat: left;\n\t\t\t\tmargin-top: 10px;\n\t\t\t\ttext-align: center;\n\t\t\t\twidth: 33%;\n\t\t\t}\n\t\t\t#gallery-1 img {\n\t\t\t\tborder: 2px solid #cfcfcf;\n\t\t\t}\n\t\t\t#gallery-1 .gallery-caption {\n\t\t\t\tmargin-left: 0;\n\t\t\t}\n\t\t\t\/* see gallery_shortcode() in wp-includes\/media.php *\/\n\t\t<\/style>\n\t\t<div id='gallery-1' class='gallery galleryid-499 gallery-columns-3 gallery-size-thumbnail'><dl class='gallery-item'>\n\t\t\t<dt class='gallery-icon landscape'>\n\t\t\t\t<a href='https:\/\/www.lorry-mardigny-patrimoine.fr\/musique\/wp-content\/uploads\/2007-10-13_Metz_o_Trio_IMGP1946.jpg'><img loading=\"lazy\" decoding=\"async\" width=\"150\" height=\"150\" src=\"https:\/\/www.lorry-mardigny-patrimoine.fr\/musique\/wp-content\/uploads\/2007-10-13_Metz_o_Trio_IMGP1946-150x150.jpg\" class=\"attachment-thumbnail size-thumbnail\" alt=\"\" \/><\/a>\n\t\t\t<\/dt><\/dl><dl class='gallery-item'>\n\t\t\t<dt class='gallery-icon landscape'>\n\t\t\t\t<a href='https:\/\/www.lorry-mardigny-patrimoine.fr\/musique\/wp-content\/uploads\/2007-10-13_Metz_o_Trio_IMGP1948.jpg'><img loading=\"lazy\" decoding=\"async\" width=\"150\" height=\"150\" src=\"https:\/\/www.lorry-mardigny-patrimoine.fr\/musique\/wp-content\/uploads\/2007-10-13_Metz_o_Trio_IMGP1948-150x150.jpg\" class=\"attachment-thumbnail size-thumbnail\" alt=\"\" \/><\/a>\n\t\t\t<\/dt><\/dl><dl class='gallery-item'>\n\t\t\t<dt class='gallery-icon landscape'>\n\t\t\t\t<a href='https:\/\/www.lorry-mardigny-patrimoine.fr\/musique\/wp-content\/uploads\/2007-10-13_Metz_o_Trio_IMGP1949.jpg'><img loading=\"lazy\" decoding=\"async\" width=\"150\" height=\"150\" src=\"https:\/\/www.lorry-mardigny-patrimoine.fr\/musique\/wp-content\/uploads\/2007-10-13_Metz_o_Trio_IMGP1949-150x150.jpg\" class=\"attachment-thumbnail size-thumbnail\" alt=\"\" \/><\/a>\n\t\t\t<\/dt><\/dl><br style=\"clear: both\" \/><dl class='gallery-item'>\n\t\t\t<dt class='gallery-icon landscape'>\n\t\t\t\t<a href='https:\/\/www.lorry-mardigny-patrimoine.fr\/musique\/wp-content\/uploads\/2007-10-13_Metz_o_Trio_IMGP1951.jpg'><img loading=\"lazy\" decoding=\"async\" width=\"150\" height=\"150\" src=\"https:\/\/www.lorry-mardigny-patrimoine.fr\/musique\/wp-content\/uploads\/2007-10-13_Metz_o_Trio_IMGP1951-150x150.jpg\" class=\"attachment-thumbnail size-thumbnail\" alt=\"\" \/><\/a>\n\t\t\t<\/dt><\/dl><dl class='gallery-item'>\n\t\t\t<dt class='gallery-icon landscape'>\n\t\t\t\t<a href='https:\/\/www.lorry-mardigny-patrimoine.fr\/musique\/wp-content\/uploads\/2007-10-13_Metz_o_Trio_IMGP1952.jpg'><img loading=\"lazy\" decoding=\"async\" width=\"150\" height=\"150\" src=\"https:\/\/www.lorry-mardigny-patrimoine.fr\/musique\/wp-content\/uploads\/2007-10-13_Metz_o_Trio_IMGP1952-150x150.jpg\" class=\"attachment-thumbnail size-thumbnail\" alt=\"\" \/><\/a>\n\t\t\t<\/dt><\/dl><dl class='gallery-item'>\n\t\t\t<dt class='gallery-icon landscape'>\n\t\t\t\t<a href='https:\/\/www.lorry-mardigny-patrimoine.fr\/musique\/wp-content\/uploads\/2007-10-13_Metz_o_Trio_IMGP1956.jpg'><img loading=\"lazy\" decoding=\"async\" width=\"150\" height=\"150\" src=\"https:\/\/www.lorry-mardigny-patrimoine.fr\/musique\/wp-content\/uploads\/2007-10-13_Metz_o_Trio_IMGP1956-150x150.jpg\" class=\"attachment-thumbnail size-thumbnail\" alt=\"\" \/><\/a>\n\t\t\t<\/dt><\/dl><br style=\"clear: both\" \/><dl class='gallery-item'>\n\t\t\t<dt class='gallery-icon landscape'>\n\t\t\t\t<a href='https:\/\/www.lorry-mardigny-patrimoine.fr\/musique\/wp-content\/uploads\/2007-10-13_Metz_o_Trio_IMGP1958.jpg'><img loading=\"lazy\" decoding=\"async\" width=\"150\" height=\"150\" src=\"https:\/\/www.lorry-mardigny-patrimoine.fr\/musique\/wp-content\/uploads\/2007-10-13_Metz_o_Trio_IMGP1958-150x150.jpg\" class=\"attachment-thumbnail size-thumbnail\" alt=\"\" \/><\/a>\n\t\t\t<\/dt><\/dl><dl class='gallery-item'>\n\t\t\t<dt class='gallery-icon landscape'>\n\t\t\t\t<a href='https:\/\/www.lorry-mardigny-patrimoine.fr\/musique\/wp-content\/uploads\/2007-10-13_Metz_o_Trio_IMGP1959.jpg'><img loading=\"lazy\" decoding=\"async\" width=\"150\" height=\"150\" src=\"https:\/\/www.lorry-mardigny-patrimoine.fr\/musique\/wp-content\/uploads\/2007-10-13_Metz_o_Trio_IMGP1959-150x150.jpg\" class=\"attachment-thumbnail size-thumbnail\" alt=\"\" \/><\/a>\n\t\t\t<\/dt><\/dl><dl class='gallery-item'>\n\t\t\t<dt class='gallery-icon portrait'>\n\t\t\t\t<a href='https:\/\/www.lorry-mardigny-patrimoine.fr\/musique\/wp-content\/uploads\/2007-10-13_Metz_o_Trio_IMGP1960.jpg'><img loading=\"lazy\" decoding=\"async\" width=\"150\" height=\"150\" src=\"https:\/\/www.lorry-mardigny-patrimoine.fr\/musique\/wp-content\/uploads\/2007-10-13_Metz_o_Trio_IMGP1960-150x150.jpg\" class=\"attachment-thumbnail size-thumbnail\" alt=\"\" \/><\/a>\n\t\t\t<\/dt><\/dl><br style=\"clear: both\" \/><dl class='gallery-item'>\n\t\t\t<dt class='gallery-icon landscape'>\n\t\t\t\t<a href='https:\/\/www.lorry-mardigny-patrimoine.fr\/musique\/wp-content\/uploads\/2007-10-13_Metz_o_Trio_IMGP1961.jpg'><img loading=\"lazy\" decoding=\"async\" width=\"150\" height=\"150\" src=\"https:\/\/www.lorry-mardigny-patrimoine.fr\/musique\/wp-content\/uploads\/2007-10-13_Metz_o_Trio_IMGP1961-150x150.jpg\" class=\"attachment-thumbnail size-thumbnail\" alt=\"\" \/><\/a>\n\t\t\t<\/dt><\/dl>\n\t\t\t<br style='clear: both' \/>\n\t\t<\/div>\n\n","protected":false},"excerpt":{"rendered":"<p>Ballade pour trois fl\u00fbtes \u00e0 bec Musiques de la Renaissance \u00e0 nos jours La formation <a class=\"more-link\" href=\"https:\/\/www.lorry-mardigny-patrimoine.fr\/musique\/metzo-trio-13-octobre-2007\/\">Lire plus &#8230;<\/a><\/p>\n","protected":false},"author":1,"featured_media":516,"comment_status":"closed","ping_status":"closed","sticky":false,"template":"","format":"standard","meta":{"footnotes":""},"categories":[3],"tags":[4,17,26],"class_list":["post-499","post","type-post","status-publish","format-standard","has-post-thumbnail","hentry","category-programme-instrumental","tag-eglise-ste-croix","tag-flute-a-bec","tag-instruments-anciens"],"_links":{"self":[{"href":"https:\/\/www.lorry-mardigny-patrimoine.fr\/musique\/wp-json\/wp\/v2\/posts\/499","targetHints":{"allow":["GET"]}}],"collection":[{"href":"https:\/\/www.lorry-mardigny-patrimoine.fr\/musique\/wp-json\/wp\/v2\/posts"}],"about":[{"href":"https:\/\/www.lorry-mardigny-patrimoine.fr\/musique\/wp-json\/wp\/v2\/types\/post"}],"author":[{"embeddable":true,"href":"https:\/\/www.lorry-mardigny-patrimoine.fr\/musique\/wp-json\/wp\/v2\/users\/1"}],"replies":[{"embeddable":true,"href":"https:\/\/www.lorry-mardigny-patrimoine.fr\/musique\/wp-json\/wp\/v2\/comments?post=499"}],"version-history":[{"count":0,"href":"https:\/\/www.lorry-mardigny-patrimoine.fr\/musique\/wp-json\/wp\/v2\/posts\/499\/revisions"}],"wp:featuredmedia":[{"embeddable":true,"href":"https:\/\/www.lorry-mardigny-patrimoine.fr\/musique\/wp-json\/wp\/v2\/media\/516"}],"wp:attachment":[{"href":"https:\/\/www.lorry-mardigny-patrimoine.fr\/musique\/wp-json\/wp\/v2\/media?parent=499"}],"wp:term":[{"taxonomy":"category","embeddable":true,"href":"https:\/\/www.lorry-mardigny-patrimoine.fr\/musique\/wp-json\/wp\/v2\/categories?post=499"},{"taxonomy":"post_tag","embeddable":true,"href":"https:\/\/www.lorry-mardigny-patrimoine.fr\/musique\/wp-json\/wp\/v2\/tags?post=499"}],"curies":[{"name":"wp","href":"https:\/\/api.w.org\/{rel}","templated":true}]}}