{"id":723,"date":"2017-09-20T13:54:26","date_gmt":"2017-09-20T12:54:26","guid":{"rendered":"http:\/\/www.lorry-mardigny-patrimoine.fr\/musique\/?p=723"},"modified":"2017-09-27T17:57:19","modified_gmt":"2017-09-27T16:57:19","slug":"quatuor-sequence-vocale-16-septembre-2017","status":"publish","type":"post","link":"https:\/\/www.lorry-mardigny-patrimoine.fr\/musique\/quatuor-sequence-vocale-16-septembre-2017\/","title":{"rendered":"Quatuor S\u00e9quence Vocale &#8211; 16 septembre 2017"},"content":{"rendered":"<p>Un programme de musique vocale m\u00e9di\u00e9vale et Renaissance dans un d\u00e9cor architectural contemporain des \u0153uvres.<\/p>\n<p><!--more--><\/p>\n<p>Ce samedi des Journ\u00e9es du Patrimoine, quatre Barisiens nous ont propos\u00e9 ce programme pour voix mixtes compos\u00e9 d&rsquo;\u0153uvres du XIIe au XVIe si\u00e8cle, en costume d&rsquo;\u00e9poque. Monique Fageot, soprano, Sophie Norton, alto, Michel Jannot, t\u00e9nor, et Dominique Touz\u00e9, basse, ont enchant\u00e9 leur public, \u00e9veill\u00e9 sa curiosit\u00e9 pour des musiques anciennes et l&rsquo;ont parfois \u00e9tonn\u00e9 avec les accents \u00e9trangement contemporains de la musique de Hildegarde von Bingen.<\/p>\n<ol>\n<li>Vid\u00e9o et enregistrements audio<\/li>\n<li>Photos<\/li>\n<li>Programme<\/li>\n<\/ol>\n<h5><strong><span style=\"color: #ff0000;\">Vid\u00e9o et enregistrements audio<\/span><\/strong><\/h5>\n<p><a href=\"http:\/\/www.lorry-mardigny-patrimoine.fr\/musique\/wp-content\/uploads\/01_Alle_psallite_cum_luya.mp3\"><em>Alle psallite cum luya <\/em><\/a>Codex de Montpellier (autour de 1250-1300)<\/p>\n<audio class=\"wp-audio-shortcode\" id=\"audio-723-1\" preload=\"none\" style=\"width: 100%;\" controls=\"controls\"><source type=\"audio\/mpeg\" src=\"http:\/\/www.lorry-mardigny-patrimoine.fr\/musique\/wp-content\/uploads\/01_Alle_psallite_cum_luya.mp3?_=1\" \/><a href=\"http:\/\/www.lorry-mardigny-patrimoine.fr\/musique\/wp-content\/uploads\/01_Alle_psallite_cum_luya.mp3\">http:\/\/www.lorry-mardigny-patrimoine.fr\/musique\/wp-content\/uploads\/01_Alle_psallite_cum_luya.mp3<\/a><\/audio>\n<p>&nbsp;<\/p>\n<p><a href=\"http:\/\/www.lorry-mardigny-patrimoine.fr\/musique\/wp-content\/uploads\/04_Tant_que_vivray.mp3\"><em>Tant que vivray<\/em><\/a><em>,\u00a0<\/em>de Claudin de Sermisy (1490-1562)<\/p>\n<audio class=\"wp-audio-shortcode\" id=\"audio-723-2\" preload=\"none\" style=\"width: 100%;\" controls=\"controls\"><source type=\"audio\/mpeg\" src=\"http:\/\/www.lorry-mardigny-patrimoine.fr\/musique\/wp-content\/uploads\/04_Tant_que_vivray.mp3?_=2\" \/><a href=\"http:\/\/www.lorry-mardigny-patrimoine.fr\/musique\/wp-content\/uploads\/04_Tant_que_vivray.mp3\">http:\/\/www.lorry-mardigny-patrimoine.fr\/musique\/wp-content\/uploads\/04_Tant_que_vivray.mp3<\/a><\/audio>\n<p>&nbsp;<\/p>\n<p><a href=\"http:\/\/www.lorry-mardigny-patrimoine.fr\/musique\/wp-content\/uploads\/01_Alle_psallite_cum_luya.mp3\"><em>Ce mois de may<\/em><\/a><em>,\u00a0<\/em>de Cl\u00e9ment Janequin (1485 ?-1558)<\/p>\n<audio class=\"wp-audio-shortcode\" id=\"audio-723-3\" preload=\"none\" style=\"width: 100%;\" controls=\"controls\"><source type=\"audio\/mpeg\" src=\"http:\/\/www.lorry-mardigny-patrimoine.fr\/musique\/wp-content\/uploads\/05_Ce_mois_de_may.mp3?_=3\" \/><a href=\"http:\/\/www.lorry-mardigny-patrimoine.fr\/musique\/wp-content\/uploads\/05_Ce_mois_de_may.mp3\">http:\/\/www.lorry-mardigny-patrimoine.fr\/musique\/wp-content\/uploads\/05_Ce_mois_de_may.mp3<\/a><\/audio>\n<p>&nbsp;<\/p>\n<p><a href=\"http:\/\/www.lorry-mardigny-patrimoine.fr\/musique\/wp-content\/uploads\/15_Je_perds_mon_temps.mp3\"><em>Je perds mon temps<\/em><\/a><em>,\u00a0<\/em>de Pierre Certon (1515 ?-1572)<\/p>\n<audio class=\"wp-audio-shortcode\" id=\"audio-723-4\" preload=\"none\" style=\"width: 100%;\" controls=\"controls\"><source type=\"audio\/mpeg\" src=\"http:\/\/www.lorry-mardigny-patrimoine.fr\/musique\/wp-content\/uploads\/15_Je_perds_mon_temps.mp3?_=4\" \/><a href=\"http:\/\/www.lorry-mardigny-patrimoine.fr\/musique\/wp-content\/uploads\/15_Je_perds_mon_temps.mp3\">http:\/\/www.lorry-mardigny-patrimoine.fr\/musique\/wp-content\/uploads\/15_Je_perds_mon_temps.mp3<\/a><\/audio>\n<p>&nbsp;<\/p>\n<div style=\"width: 780px;\" class=\"wp-video\"><video class=\"wp-video-shortcode\" id=\"video-723-1\" width=\"780\" height=\"439\" preload=\"metadata\" controls=\"controls\"><source type=\"video\/webm\" src=\"http:\/\/www.lorry-mardigny-patrimoine.fr\/musique\/wp-content\/uploads\/06_Il_est_bel_et_bon.webm?_=1\" \/><a href=\"http:\/\/www.lorry-mardigny-patrimoine.fr\/musique\/wp-content\/uploads\/06_Il_est_bel_et_bon.webm\">http:\/\/www.lorry-mardigny-patrimoine.fr\/musique\/wp-content\/uploads\/06_Il_est_bel_et_bon.webm<\/a><\/video><\/div>\n<p><a href=\"http:\/\/www.lorry-mardigny-patrimoine.fr\/musique\/wp-content\/uploads\/06_Il_est_bel_et_bon.mp3\"><em>Il est bel et bon<\/em><\/a>,\u00a0de Pierre Passereau (1509-1553)<\/p>\n<p>&nbsp;<\/p>\n<div style=\"width: 780px;\" class=\"wp-video\"><video class=\"wp-video-shortcode\" id=\"video-723-2\" width=\"780\" height=\"439\" preload=\"metadata\" controls=\"controls\"><source type=\"video\/webm\" src=\"http:\/\/www.lorry-mardigny-patrimoine.fr\/musique\/wp-content\/uploads\/07_1_Textes_sacres_H.webm?_=2\" \/><a href=\"http:\/\/www.lorry-mardigny-patrimoine.fr\/musique\/wp-content\/uploads\/07_1_Textes_sacres_H.webm\">http:\/\/www.lorry-mardigny-patrimoine.fr\/musique\/wp-content\/uploads\/07_1_Textes_sacres_H.webm<\/a><\/video><\/div>\n<p><a href=\"http:\/\/www.lorry-mardigny-patrimoine.fr\/musique\/wp-content\/uploads\/07_1_Texte_sacre_Hildegarde_von_Bingen.mp3\">Textes sacr\u00e9s, pour voix d&rsquo;hommes<\/a>, de Hildegarde von Bingen (1098-1179)<\/p>\n<p>&nbsp;<\/p>\n<div style=\"width: 780px;\" class=\"wp-video\"><video class=\"wp-video-shortcode\" id=\"video-723-3\" width=\"780\" height=\"439\" preload=\"metadata\" controls=\"controls\"><source type=\"video\/webm\" src=\"http:\/\/www.lorry-mardigny-patrimoine.fr\/musique\/wp-content\/uploads\/22_Dindirin_dindirin.webm?_=3\" \/><a href=\"http:\/\/www.lorry-mardigny-patrimoine.fr\/musique\/wp-content\/uploads\/22_Dindirin_dindirin.webm\">http:\/\/www.lorry-mardigny-patrimoine.fr\/musique\/wp-content\/uploads\/22_Dindirin_dindirin.webm<\/a><\/video><\/div>\n<p><a href=\"http:\/\/www.lorry-mardigny-patrimoine.fr\/musique\/wp-content\/uploads\/22_Dindirin_dindirin.mp3\"><em>Dindirin, dindirin<\/em><\/a>, auteur anonyme (vers 1500)<\/p>\n<h5><strong><span style=\"color: #ff0000;\">Photographies<\/span><\/strong><\/h5>\n\n\t\t<style type=\"text\/css\">\n\t\t\t#gallery-1 {\n\t\t\t\tmargin: auto;\n\t\t\t}\n\t\t\t#gallery-1 .gallery-item {\n\t\t\t\tfloat: left;\n\t\t\t\tmargin-top: 10px;\n\t\t\t\ttext-align: center;\n\t\t\t\twidth: 33%;\n\t\t\t}\n\t\t\t#gallery-1 img {\n\t\t\t\tborder: 2px solid #cfcfcf;\n\t\t\t}\n\t\t\t#gallery-1 .gallery-caption {\n\t\t\t\tmargin-left: 0;\n\t\t\t}\n\t\t\t\/* see gallery_shortcode() in wp-includes\/media.php *\/\n\t\t<\/style>\n\t\t<div id='gallery-1' class='gallery galleryid-723 gallery-columns-3 gallery-size-thumbnail'><dl class='gallery-item'>\n\t\t\t<dt class='gallery-icon landscape'>\n\t\t\t\t<a href='https:\/\/www.lorry-mardigny-patrimoine.fr\/musique\/wp-content\/uploads\/Lorry-Mardigny-2017-09-16_Sequence_Vocale_1.jpg'><img loading=\"lazy\" decoding=\"async\" width=\"150\" height=\"150\" src=\"https:\/\/www.lorry-mardigny-patrimoine.fr\/musique\/wp-content\/uploads\/Lorry-Mardigny-2017-09-16_Sequence_Vocale_1-150x150.jpg\" class=\"attachment-thumbnail size-thumbnail\" alt=\"\" \/><\/a>\n\t\t\t<\/dt><\/dl><dl class='gallery-item'>\n\t\t\t<dt class='gallery-icon landscape'>\n\t\t\t\t<a href='https:\/\/www.lorry-mardigny-patrimoine.fr\/musique\/wp-content\/uploads\/Lorry-Mardigny-2017-09-16_Sequence_Vocale_2.jpg'><img loading=\"lazy\" decoding=\"async\" width=\"150\" height=\"150\" src=\"https:\/\/www.lorry-mardigny-patrimoine.fr\/musique\/wp-content\/uploads\/Lorry-Mardigny-2017-09-16_Sequence_Vocale_2-150x150.jpg\" class=\"attachment-thumbnail size-thumbnail\" alt=\"\" \/><\/a>\n\t\t\t<\/dt><\/dl><dl class='gallery-item'>\n\t\t\t<dt class='gallery-icon landscape'>\n\t\t\t\t<a href='https:\/\/www.lorry-mardigny-patrimoine.fr\/musique\/wp-content\/uploads\/Lorry-Mardigny-2017-09-16_Sequence_Vocale_3.jpg'><img loading=\"lazy\" decoding=\"async\" width=\"150\" height=\"150\" src=\"https:\/\/www.lorry-mardigny-patrimoine.fr\/musique\/wp-content\/uploads\/Lorry-Mardigny-2017-09-16_Sequence_Vocale_3-150x150.jpg\" class=\"attachment-thumbnail size-thumbnail\" alt=\"\" \/><\/a>\n\t\t\t<\/dt><\/dl><br style=\"clear: both\" \/><dl class='gallery-item'>\n\t\t\t<dt class='gallery-icon landscape'>\n\t\t\t\t<a href='https:\/\/www.lorry-mardigny-patrimoine.fr\/musique\/wp-content\/uploads\/Lorry-Mardigny-2017-09-16_Sequence_Vocale_4.jpg'><img loading=\"lazy\" decoding=\"async\" width=\"150\" height=\"150\" src=\"https:\/\/www.lorry-mardigny-patrimoine.fr\/musique\/wp-content\/uploads\/Lorry-Mardigny-2017-09-16_Sequence_Vocale_4-150x150.jpg\" class=\"attachment-thumbnail size-thumbnail\" alt=\"\" \/><\/a>\n\t\t\t<\/dt><\/dl><dl class='gallery-item'>\n\t\t\t<dt class='gallery-icon landscape'>\n\t\t\t\t<a href='https:\/\/www.lorry-mardigny-patrimoine.fr\/musique\/wp-content\/uploads\/Lorry-Mardigny-2017-09-16_Sequence_Vocale_5.jpg'><img loading=\"lazy\" decoding=\"async\" width=\"150\" height=\"150\" src=\"https:\/\/www.lorry-mardigny-patrimoine.fr\/musique\/wp-content\/uploads\/Lorry-Mardigny-2017-09-16_Sequence_Vocale_5-150x150.jpg\" class=\"attachment-thumbnail size-thumbnail\" alt=\"\" \/><\/a>\n\t\t\t<\/dt><\/dl>\n\t\t\t<br style='clear: both' \/>\n\t\t<\/div>\n\n<h5><span style=\"color: #ff0000;\"><strong>Programme<\/strong><\/span><\/h5>\n<p><em>Alle psallite cum luya<\/em> , Codex de Montpellier (autour de 1250-1300)<\/p>\n<p><em>Du jeu d&rsquo;aimer<\/em>, de Claude Goudimel (vers 1520-1572)<\/p>\n<p><em>Madonna mia, piet\u00e0<\/em>, de Roland de Lassus (1532-1594)<\/p>\n<p><em>Tant que vivray<\/em>, de Claudin de Sermisy (1490-1562)<\/p>\n<p><em>Ce mois de may<\/em>, de Cl\u00e9ment Janequin (1485 ?-1558)<\/p>\n<p><em>Il est bel et bon<\/em>, de Pierre Passereau (1509-1553)<\/p>\n<p><em>Quatre textes sacr\u00e9s<\/em>, de Hildegarde von Bingen (1098-1179)<\/p>\n<p><em>Je file<\/em>, de Pierre Attaingnant (1494 ?-1551)<\/p>\n<p><em>Prenez-y garde<\/em>, Codex de Montpellier<\/p>\n<p><em>Je l&rsquo;aime bien<\/em>, de Roland de Lassus<\/p>\n<p><em>Pilons l&rsquo;orge<\/em>, de Claudin de Sermisy<\/p>\n<p><em>Le Rossignol<\/em>, de Cl\u00e9ment Janequin<\/p>\n<p><em>O magnum mysterium<\/em>, de Tom\u00e0s Luis de Victoria (1548-1611)<\/p>\n<p><em>Je ne veux plus que chanter<\/em>, de Pierre Cl\u00e9reau (15..-mort avant 1570)<\/p>\n<p><em>Je perds mon temps<\/em>, de Pierre Certon (1515 ?-1572)<\/p>\n<p><em>Quand l&rsquo;ennui f\u00e2cheux vous prend<\/em>, de Guillaume Costeley (1530 ?-1606)<\/p>\n<p><em>Dai dolci campi Elisi<\/em>, de Jacobus Arcadelt (1500 ?-1568)<\/p>\n<p><em>Marfira<\/em>, d&rsquo;auteur anonyme espagnol<\/p>\n<p><em>O dolce nocte<\/em>, de Philippe Verdelot (1485-1552)<\/p>\n<p><em>Mille regrets<\/em>, de Josquin Desprez (vers 1440-1521)<\/p>\n<p><em>Fringotez jeunes fillettes<\/em>, de Nicolas Payen (vers 1512-1559)<\/p>\n<p><em>Dindirin, dindirin<\/em>, auteur anonyme (vers 1500)<\/p>\n<p style=\"text-align: center;\">***<\/p>\n<p>Quatuor S\u00e9quence Vocale : <a href=\"http:\/\/sequencevocale.net\/\/\" target=\"_blank\" rel=\"noopener noreferrer\">site web<\/a><\/p>\n<p>&nbsp;<\/p>\n","protected":false},"excerpt":{"rendered":"<p>Un programme de musique vocale m\u00e9di\u00e9vale et Renaissance dans un d\u00e9cor architectural contemporain des \u0153uvres.<\/p>\n","protected":false},"author":1,"featured_media":742,"comment_status":"closed","ping_status":"closed","sticky":false,"template":"","format":"standard","meta":{"footnotes":""},"categories":[2],"tags":[4],"class_list":["post-723","post","type-post","status-publish","format-standard","has-post-thumbnail","hentry","category-programme-vocal-a-cappella","tag-eglise-ste-croix"],"_links":{"self":[{"href":"https:\/\/www.lorry-mardigny-patrimoine.fr\/musique\/wp-json\/wp\/v2\/posts\/723","targetHints":{"allow":["GET"]}}],"collection":[{"href":"https:\/\/www.lorry-mardigny-patrimoine.fr\/musique\/wp-json\/wp\/v2\/posts"}],"about":[{"href":"https:\/\/www.lorry-mardigny-patrimoine.fr\/musique\/wp-json\/wp\/v2\/types\/post"}],"author":[{"embeddable":true,"href":"https:\/\/www.lorry-mardigny-patrimoine.fr\/musique\/wp-json\/wp\/v2\/users\/1"}],"replies":[{"embeddable":true,"href":"https:\/\/www.lorry-mardigny-patrimoine.fr\/musique\/wp-json\/wp\/v2\/comments?post=723"}],"version-history":[{"count":0,"href":"https:\/\/www.lorry-mardigny-patrimoine.fr\/musique\/wp-json\/wp\/v2\/posts\/723\/revisions"}],"wp:featuredmedia":[{"embeddable":true,"href":"https:\/\/www.lorry-mardigny-patrimoine.fr\/musique\/wp-json\/wp\/v2\/media\/742"}],"wp:attachment":[{"href":"https:\/\/www.lorry-mardigny-patrimoine.fr\/musique\/wp-json\/wp\/v2\/media?parent=723"}],"wp:term":[{"taxonomy":"category","embeddable":true,"href":"https:\/\/www.lorry-mardigny-patrimoine.fr\/musique\/wp-json\/wp\/v2\/categories?post=723"},{"taxonomy":"post_tag","embeddable":true,"href":"https:\/\/www.lorry-mardigny-patrimoine.fr\/musique\/wp-json\/wp\/v2\/tags?post=723"}],"curies":[{"name":"wp","href":"https:\/\/api.w.org\/{rel}","templated":true}]}}